{"id":21483,"date":"2026-09-03T09:35:15","date_gmt":"2026-09-03T12:35:15","guid":{"rendered":"https:\/\/ligana104.com.br\/2021\/2026\/09\/03\/tenho-muito-a-relatar-mas-nao-querem-me-ouvir-afirma-vorcaro-a-mendonca\/"},"modified":"2026-09-03T09:35:15","modified_gmt":"2026-09-03T12:35:15","slug":"tenho-muito-a-relatar-mas-nao-querem-me-ouvir-afirma-vorcaro-a-mendonca","status":"publish","type":"post","link":"https:\/\/ligana104.com.br\/2021\/2026\/09\/03\/tenho-muito-a-relatar-mas-nao-querem-me-ouvir-afirma-vorcaro-a-mendonca\/","title":{"rendered":"\u2018Tenho muito a relatar, mas n\u00e3o querem me ouvir\u2019, afirma Vorcaro a Mendon\u00e7a"},"content":{"rendered":"<p> <br \/>\n<\/p>\n<div>\n<p>No depoimento sigiloso que prestou ao gabinete do ministro Andr\u00e9 Mendon\u00e7a, na semana passada, o banqueiro Daniel Vorcaro descreveu uma rotina de intimida\u00e7\u00f5es, de amea\u00e7as e tortura psicol\u00f3gica que sofreu enquanto esteve sob cust\u00f3dia da\u00a0Pol\u00edcia Federal.<\/p>\n<p>O dono do Banco Master tamb\u00e9m citou nominalmente o diretor-geral da Pol\u00edcia Federal, Andrei Rodrigues, como respons\u00e1vel por supostamente barrar a dela\u00e7\u00e3o do banqueiro por ter sido ele uma figura que se relacionou com Vorcaro.<\/p>\n<p>\u201cTenho muito a contribuir relatando os fatos e a verdade, mas ningu\u00e9m quer me ouvir. Uma loucura\u201d, disse Vorcaro no interrogat\u00f3rio gravado em v\u00eddeo.<\/p>\n<div class=\"g g-90\">\n<div class=\"g-single a-66\">\n<div style=\"position: relative; width: 100%;\">\n    <!-- Banner 3 --><\/p>\n<p>    <!-- Banner 4 --><\/p>\n<div id=\"banner4\" style=\"opacity: 0; transition: opacity 1s; width: 100%;\">\n        <a class=\"gofollow\" data-track=\"NjYsOTAsMSw2MA==\" href=\"https:\/\/www.instagram.com\/cdl.roo\" target=\"_blank\" rel=\"noopener\">&#13;<br \/>\n            &#13;<br \/>\n        <\/a>\n    <\/div>\n<\/div>\n<\/div>\n<\/div>\n<p>O depoimento foi solicitado pela defesa diante da percep\u00e7\u00e3o de Vorcaro de que um \u201cacord\u00e3o\u201d entre as institui\u00e7\u00f5es estaria firmado para impedir que ele relate crimes de autoridades e busque benef\u00edcios na Justi\u00e7a.<\/p>\n<p>Ao Radar, investigadores da PF desqualificam as declara\u00e7\u00f5es de Vorcaro e dizem que ele poderia ter buscado dela\u00e7\u00e3o na PGR, se o impedimento estivesse na conduta de Andrei Rodrigues.<br \/>\n<!-- H&aacute; banners, eles s&atilde;o deficientes ou nenhum qualificado para este local! --><\/p>\n<\/p><\/div>\n<p><script async src=\"\/\/www.instagram.com\/embed.js\"><\/script><br \/>\n<br \/><br \/>\n<br \/><a href=\"https:\/\/rgtnews.com.br\/noticias\/politica\/tenho-muito-a-relatar-mas-nao-querem-me-ouvir-afirma-vorcaro-a-mendonca\/?utm_source=rss&#038;utm_medium=rss&#038;utm_campaign=tenho-muito-a-relatar-mas-nao-querem-me-ouvir-afirma-vorcaro-a-mendonca\">Fonte da Noticia <\/a><\/p>\n","protected":false},"excerpt":{"rendered":"<p>No depoimento sigiloso que prestou ao gabinete do ministro Andr\u00e9 Mendon\u00e7a, na semana passada, o banqueiro Daniel Vorcaro descreveu uma rotina de intimida\u00e7\u00f5es, de amea\u00e7as e tortura psicol\u00f3gica que sofreu enquanto esteve sob cust\u00f3dia da\u00a0Pol\u00edcia Federal. O dono do Banco Master tamb\u00e9m citou nominalmente o diretor-geral da Pol\u00edcia Federal, Andrei Rodrigues, como respons\u00e1vel por supostamente [&hellip;]<\/p>\n","protected":false},"author":1,"featured_media":21484,"comment_status":"closed","ping_status":"closed","sticky":false,"template":"","format":"standard","meta":[],"categories":[1],"tags":[],"_links":{"self":[{"href":"https:\/\/ligana104.com.br\/2021\/wp-json\/wp\/v2\/posts\/21483"}],"collection":[{"href":"https:\/\/ligana104.com.br\/2021\/wp-json\/wp\/v2\/posts"}],"about":[{"href":"https:\/\/ligana104.com.br\/2021\/wp-json\/wp\/v2\/types\/post"}],"author":[{"embeddable":true,"href":"https:\/\/ligana104.com.br\/2021\/wp-json\/wp\/v2\/users\/1"}],"replies":[{"embeddable":true,"href":"https:\/\/ligana104.com.br\/2021\/wp-json\/wp\/v2\/comments?post=21483"}],"version-history":[{"count":1,"href":"https:\/\/ligana104.com.br\/2021\/wp-json\/wp\/v2\/posts\/21483\/revisions"}],"predecessor-version":[{"id":21485,"href":"https:\/\/ligana104.com.br\/2021\/wp-json\/wp\/v2\/posts\/21483\/revisions\/21485"}],"wp:featuredmedia":[{"embeddable":true,"href":"https:\/\/ligana104.com.br\/2021\/wp-json\/wp\/v2\/media\/21484"}],"wp:attachment":[{"href":"https:\/\/ligana104.com.br\/2021\/wp-json\/wp\/v2\/media?parent=21483"}],"wp:term":[{"taxonomy":"category","embeddable":true,"href":"https:\/\/ligana104.com.br\/2021\/wp-json\/wp\/v2\/categories?post=21483"},{"taxonomy":"post_tag","embeddable":true,"href":"https:\/\/ligana104.com.br\/2021\/wp-json\/wp\/v2\/tags?post=21483"}],"curies":[{"name":"wp","href":"https:\/\/api.w.org\/{rel}","templated":true}]}}