{"id":21480,"date":"2026-09-03T08:30:14","date_gmt":"2026-09-03T11:30:14","guid":{"rendered":"https:\/\/ligana104.com.br\/2021\/2026\/09\/03\/homem-espalha-medo-na-madrugada-e-ameaca-matar-vizinhos-com-foice-e-faca-em-rondonopolis-veja-imagens\/"},"modified":"2026-09-03T08:30:15","modified_gmt":"2026-09-03T11:30:15","slug":"homem-espalha-medo-na-madrugada-e-ameaca-matar-vizinhos-com-foice-e-faca-em-rondonopolis-veja-imagens","status":"publish","type":"post","link":"https:\/\/ligana104.com.br\/2021\/2026\/09\/03\/homem-espalha-medo-na-madrugada-e-ameaca-matar-vizinhos-com-foice-e-faca-em-rondonopolis-veja-imagens\/","title":{"rendered":"Homem espalha medo na madrugada e amea\u00e7a matar vizinhos com foice e faca em Rondon\u00f3polis; veja imagens"},"content":{"rendered":"<p> <br \/>\n<\/p>\n<div>\n<p>Um homem em posse de uma foice e faca acabou preso ap\u00f3s amea\u00e7ar matar os pr\u00f3prios vizinhos de quitinete, no in\u00edcio da madrugada desta quinta-feira (03), na Vila Birigui, em Rondon\u00f3polis. Conforme a Pol\u00edcia Militar, as v\u00edtimas correram para dentro de suas casas para se proteger. A equipe encaminhou o suspeito \u00e0 delegacia.<\/p>\n<p>Conforme o boletim de ocorr\u00eancia, a PM recebeu o chamado por volta de 0h10, e encontrou o homem com os dois objetos. Ao responder aos policiais, ele alegou que portava a faca e a foice para se defender.<\/p>\n<p>As v\u00edtimas, por outro lado, relataram que o suspeito estava muito exaltado e nervoso e dizia que iria mat\u00e1-las. Elas n\u00e3o informaram o motivo das amea\u00e7as.<\/p>\n<div class=\"g g-90\">\n<div class=\"g-single a-66\">\n<div style=\"position: relative; width: 100%;\">\n    <!-- Banner 3 --><\/p>\n<p>    <!-- Banner 4 --><\/p>\n<div id=\"banner4\" style=\"opacity: 0; transition: opacity 1s; width: 100%;\">\n        <a class=\"gofollow\" data-track=\"NjYsOTAsMSw2MA==\" href=\"https:\/\/www.instagram.com\/cdl.roo\" target=\"_blank\" rel=\"noopener\">&#13;<br \/>\n            &#13;<br \/>\n        <\/a>\n    <\/div>\n<\/div>\n<\/div>\n<\/div>\n<figure class=\"wp-block-image size-large\"><img loading=\"lazy\" fetchpriority=\"high\" decoding=\"async\" width=\"768\" height=\"1024\" src=\"https:\/\/rgtnews.com.br\/wp-content\/uploads\/2026\/09\/c1a32f18-a5ab-4f3b-8922-22e48f9159da-768x1024.jpeg\" alt=\"\" class=\"wp-image-81246\" srcset=\"https:\/\/rgtnews.com.br\/wp-content\/uploads\/2026\/09\/c1a32f18-a5ab-4f3b-8922-22e48f9159da-768x1024.jpeg 768w, https:\/\/rgtnews.com.br\/wp-content\/uploads\/2026\/09\/c1a32f18-a5ab-4f3b-8922-22e48f9159da-225x300.jpeg 225w, https:\/\/rgtnews.com.br\/wp-content\/uploads\/2026\/09\/c1a32f18-a5ab-4f3b-8922-22e48f9159da-1152x1536.jpeg 1152w, https:\/\/rgtnews.com.br\/wp-content\/uploads\/2026\/09\/c1a32f18-a5ab-4f3b-8922-22e48f9159da.jpeg 1200w\" sizes=\"(max-width: 768px) 100vw, 768px\"\/><\/figure>\n<p>Ainda conforme os relatos \u00e0 PM, o homem golpeou o ch\u00e3o com a foice e quebrou o cabo do instrumento. Nesse momento, os moradores correram e entraram em suas respectivas resid\u00eancias.<\/p>\n<p>Com apoio de outra viatura, os policiais encaminharam o suspeito e as v\u00edtimas \u00e0 1\u00aa Delegacia de Pol\u00edcia para as provid\u00eancias cab\u00edveis.<\/p>\n<p>A PM informou que o homem possui registros anteriores por amea\u00e7a e dano, de 2020, e perturba\u00e7\u00e3o, de 2019.<\/p>\n<figure class=\"wp-block-image size-large\"><img loading=\"lazy\" decoding=\"async\" width=\"1024\" height=\"1024\" src=\"https:\/\/rgtnews.com.br\/wp-content\/uploads\/2026\/09\/photo-output-8-1024x1024.jpeg\" alt=\"\" class=\"wp-image-81247\" srcset=\"https:\/\/rgtnews.com.br\/wp-content\/uploads\/2026\/09\/photo-output-8-1024x1024.jpeg 1024w, https:\/\/rgtnews.com.br\/wp-content\/uploads\/2026\/09\/photo-output-8-300x300.jpeg 300w, https:\/\/rgtnews.com.br\/wp-content\/uploads\/2026\/09\/photo-output-8-150x150.jpeg 150w, https:\/\/rgtnews.com.br\/wp-content\/uploads\/2026\/09\/photo-output-8-768x768.jpeg 768w, https:\/\/rgtnews.com.br\/wp-content\/uploads\/2026\/09\/photo-output-8-1536x1536.jpeg 1536w, https:\/\/rgtnews.com.br\/wp-content\/uploads\/2026\/09\/photo-output-8-600x600.jpeg 600w, https:\/\/rgtnews.com.br\/wp-content\/uploads\/2026\/09\/photo-output-8.jpeg 2048w\" sizes=\"(max-width: 1024px) 100vw, 1024px\"\/><\/figure>\n<p><!-- H&aacute; banners, eles s&atilde;o deficientes ou nenhum qualificado para este local! --><\/p>\n<\/p><\/div>\n<p><script async src=\"\/\/www.instagram.com\/embed.js\"><\/script><br \/>\n<br \/><br \/>\n<br \/><a href=\"https:\/\/rgtnews.com.br\/destaque\/homem-espalha-medo-na-madrugada-e-ameaca-matar-vizinhos-com-foice-e-faca-em-rondonopolis-veja-imagens\/?utm_source=rss&#038;utm_medium=rss&#038;utm_campaign=homem-espalha-medo-na-madrugada-e-ameaca-matar-vizinhos-com-foice-e-faca-em-rondonopolis-veja-imagens\">Fonte da Noticia <\/a><\/p>\n","protected":false},"excerpt":{"rendered":"<p>Um homem em posse de uma foice e faca acabou preso ap\u00f3s amea\u00e7ar matar os pr\u00f3prios vizinhos de quitinete, no in\u00edcio da madrugada desta quinta-feira (03), na Vila Birigui, em Rondon\u00f3polis. Conforme a Pol\u00edcia Militar, as v\u00edtimas correram para dentro de suas casas para se proteger. A equipe encaminhou o suspeito \u00e0 delegacia. Conforme o [&hellip;]<\/p>\n","protected":false},"author":1,"featured_media":21481,"comment_status":"closed","ping_status":"closed","sticky":false,"template":"","format":"standard","meta":[],"categories":[1],"tags":[],"_links":{"self":[{"href":"https:\/\/ligana104.com.br\/2021\/wp-json\/wp\/v2\/posts\/21480"}],"collection":[{"href":"https:\/\/ligana104.com.br\/2021\/wp-json\/wp\/v2\/posts"}],"about":[{"href":"https:\/\/ligana104.com.br\/2021\/wp-json\/wp\/v2\/types\/post"}],"author":[{"embeddable":true,"href":"https:\/\/ligana104.com.br\/2021\/wp-json\/wp\/v2\/users\/1"}],"replies":[{"embeddable":true,"href":"https:\/\/ligana104.com.br\/2021\/wp-json\/wp\/v2\/comments?post=21480"}],"version-history":[{"count":1,"href":"https:\/\/ligana104.com.br\/2021\/wp-json\/wp\/v2\/posts\/21480\/revisions"}],"predecessor-version":[{"id":21482,"href":"https:\/\/ligana104.com.br\/2021\/wp-json\/wp\/v2\/posts\/21480\/revisions\/21482"}],"wp:featuredmedia":[{"embeddable":true,"href":"https:\/\/ligana104.com.br\/2021\/wp-json\/wp\/v2\/media\/21481"}],"wp:attachment":[{"href":"https:\/\/ligana104.com.br\/2021\/wp-json\/wp\/v2\/media?parent=21480"}],"wp:term":[{"taxonomy":"category","embeddable":true,"href":"https:\/\/ligana104.com.br\/2021\/wp-json\/wp\/v2\/categories?post=21480"},{"taxonomy":"post_tag","embeddable":true,"href":"https:\/\/ligana104.com.br\/2021\/wp-json\/wp\/v2\/tags?post=21480"}],"curies":[{"name":"wp","href":"https:\/\/api.w.org\/{rel}","templated":true}]}}