{"id":21477,"date":"2026-09-02T22:45:14","date_gmt":"2026-09-03T01:45:14","guid":{"rendered":"https:\/\/ligana104.com.br\/2021\/2026\/09\/02\/prefeito-claudio-ferreira-inova-ao-inaugurar-agencia-do-sanear-construida-no-estilo-neoclassico\/"},"modified":"2026-09-02T22:45:15","modified_gmt":"2026-09-03T01:45:15","slug":"prefeito-claudio-ferreira-inova-ao-inaugurar-agencia-do-sanear-construida-no-estilo-neoclassico","status":"publish","type":"post","link":"https:\/\/ligana104.com.br\/2021\/2026\/09\/02\/prefeito-claudio-ferreira-inova-ao-inaugurar-agencia-do-sanear-construida-no-estilo-neoclassico\/","title":{"rendered":"Prefeito Cl\u00e1udio Ferreira inova ao inaugurar ag\u00eancia do Sanear constru\u00edda no estilo neocl\u00e1ssico"},"content":{"rendered":"<p> <br \/>\n<\/p>\n<div>\n<p>A atual gest\u00e3o municipal fez hist\u00f3ria nesta quarta-feira (2\/9) ao inaugurar a primeira obra p\u00fablica constru\u00edda no estilo neocl\u00e1ssico de Rondon\u00f3polis. A nova ag\u00eancia do Servi\u00e7o de Saneamento Ambiental de Rondon\u00f3polis (Sanear) na Vila Oper\u00e1ria \u00e9 a primeira nesse estilo arquitet\u00f4nico a sair do papel na cidade e foi inaugurada pelo prefeito Cl\u00e1udio Ferreira, junto com o diretor geral da autarquia municipal, Victor Vitorino.<\/p>\n<p>A nova ag\u00eancia de atendimento aos usu\u00e1rios fica localizada na Avenida Jo\u00e3o XXIII, no bairro Vila Oper\u00e1ria, recebendo o nome de \u201cMarcos Ant\u00f4nio Ribeiro dos Reis\u201d, em homenagem ao engenheiro civil e ex-presidente da autarquia.<\/p>\n<p>Com uma \u00e1rea constru\u00edda de 304,9 m\u00b2, a unidade recebeu R$ 1,674 milh\u00e3o em investimento e foi concebida num padr\u00e3o semelhante ao da iniciativa privada, incluindo acabamento de alto padr\u00e3o e m\u00f3veis planejados.<\/p>\n<div class=\"g g-90\">\n<div class=\"g-single a-66\">\n<div style=\"position: relative; width: 100%;\">\n    <!-- Banner 3 --><\/p>\n<p>    <!-- Banner 4 --><\/p>\n<div id=\"banner4\" style=\"opacity: 0; transition: opacity 1s; width: 100%;\">\n        <a class=\"gofollow\" data-track=\"NjYsOTAsMSw2MA==\" href=\"https:\/\/www.instagram.com\/cdl.roo\" target=\"_blank\" rel=\"noopener\">&#13;<br \/>\n            &#13;<br \/>\n        <\/a>\n    <\/div>\n<\/div>\n<\/div>\n<\/div>\n<p>Conforme Cl\u00e1udio Ferreira, a nova ag\u00eancia adota o novo padr\u00e3o para os pr\u00e9dios p\u00fablicos da cidade, unindo beleza, identidade e conforto para quem utiliza os servi\u00e7os todos os dias.<\/p>\n<p>\u201cEsse \u00e9 o nosso prop\u00f3sito: oferecer o melhor para o nosso povo. N\u00e3o tem essa de fazer de qualquer jeito. Se merece ser feito, merece ser bem feito, ainda mais para o nosso povo\u201d, justificou o prefeito, lembrando que, desde sua campanha em 2020, j\u00e1 tinha colocado no plano de governo o estilo neocl\u00e1ssico para as obras p\u00fablicas.<\/p>\n<p>O prefeito disse ainda que a constru\u00e7\u00e3o desse novo padr\u00e3o de obra em Vila Oper\u00e1ria tem um simbolismo especial.<\/p>\n<p>\u201cAqui \u00e9 um bairro de trabalhadores, uma das maiores regi\u00f5es da cidade e que est\u00e1 recebendo um pr\u00e9dio \u00e0 altura. As pessoas, sejam os nossos idosos ou as pessoas do lar, v\u00e3o ser bem recebidas e acolhidas aqui. A gente quer tratar as pessoas de Rondon\u00f3polis como empresa trata o seu cliente, porque as pessoas j\u00e1 pagaram para ter esse servi\u00e7o e merecem ser respeitadas\u201d, explicou.<\/p>\n<p>O diretor geral do Sanear, Victor Vitorino, destacou que essa obra evidencia que acabou o tempo de obras mal feitas na cidade de Rondon\u00f3polis.<\/p>\n<p>\u201cEsse padr\u00e3o de qualidade aqui, cada detalhe, foi escolhido a dedo pelo prefeito. N\u00e3o \u00e9 \u00e0 toa que n\u00f3s temos um prefeito inovador e terminador de obras. O que n\u00f3s estamos entregando aqui para a sociedade de Rondon\u00f3polis \u00e9 algo nunca visto nem mesmo no estado de Mato Grosso\u201d, afirmou o diretor, refor\u00e7ando que as pessoas v\u00e3o passar a ter orgulho da qualidade e beleza das obras que v\u00e3o ser entregues nesta gest\u00e3o.<\/p>\n<p>Cl\u00e1udio Ferreira aproveitou a inaugura\u00e7\u00e3o para parabenizar toda a equipe do Sanear, na pessoa do diretor geral, pelo trabalho desenvolvido em Rondon\u00f3polis.<\/p>\n<p>Muito concorrida, a inaugura\u00e7\u00e3o tamb\u00e9m contou com a presen\u00e7a de vereadores, secret\u00e1rios, diretores do Sanear e popula\u00e7\u00e3o em geral.<br \/>\n<!-- H&aacute; banners, eles s&atilde;o deficientes ou nenhum qualificado para este local! --><\/p>\n<\/p><\/div>\n<p><script async src=\"\/\/www.instagram.com\/embed.js\"><\/script><br \/>\n<br \/><br \/>\n<br \/><a href=\"https:\/\/rgtnews.com.br\/destaque\/prefeito-claudio-ferreira-inova-ao-inaugurar-agencia-do-sanear-construida-no-estilo-neoclassico\/?utm_source=rss&#038;utm_medium=rss&#038;utm_campaign=prefeito-claudio-ferreira-inova-ao-inaugurar-agencia-do-sanear-construida-no-estilo-neoclassico\">Fonte da Noticia <\/a><\/p>\n","protected":false},"excerpt":{"rendered":"<p>A atual gest\u00e3o municipal fez hist\u00f3ria nesta quarta-feira (2\/9) ao inaugurar a primeira obra p\u00fablica constru\u00edda no estilo neocl\u00e1ssico de Rondon\u00f3polis. A nova ag\u00eancia do Servi\u00e7o de Saneamento Ambiental de Rondon\u00f3polis (Sanear) na Vila Oper\u00e1ria \u00e9 a primeira nesse estilo arquitet\u00f4nico a sair do papel na cidade e foi inaugurada pelo prefeito Cl\u00e1udio Ferreira, junto [&hellip;]<\/p>\n","protected":false},"author":1,"featured_media":21478,"comment_status":"closed","ping_status":"closed","sticky":false,"template":"","format":"standard","meta":[],"categories":[1],"tags":[],"_links":{"self":[{"href":"https:\/\/ligana104.com.br\/2021\/wp-json\/wp\/v2\/posts\/21477"}],"collection":[{"href":"https:\/\/ligana104.com.br\/2021\/wp-json\/wp\/v2\/posts"}],"about":[{"href":"https:\/\/ligana104.com.br\/2021\/wp-json\/wp\/v2\/types\/post"}],"author":[{"embeddable":true,"href":"https:\/\/ligana104.com.br\/2021\/wp-json\/wp\/v2\/users\/1"}],"replies":[{"embeddable":true,"href":"https:\/\/ligana104.com.br\/2021\/wp-json\/wp\/v2\/comments?post=21477"}],"version-history":[{"count":1,"href":"https:\/\/ligana104.com.br\/2021\/wp-json\/wp\/v2\/posts\/21477\/revisions"}],"predecessor-version":[{"id":21479,"href":"https:\/\/ligana104.com.br\/2021\/wp-json\/wp\/v2\/posts\/21477\/revisions\/21479"}],"wp:featuredmedia":[{"embeddable":true,"href":"https:\/\/ligana104.com.br\/2021\/wp-json\/wp\/v2\/media\/21478"}],"wp:attachment":[{"href":"https:\/\/ligana104.com.br\/2021\/wp-json\/wp\/v2\/media?parent=21477"}],"wp:term":[{"taxonomy":"category","embeddable":true,"href":"https:\/\/ligana104.com.br\/2021\/wp-json\/wp\/v2\/categories?post=21477"},{"taxonomy":"post_tag","embeddable":true,"href":"https:\/\/ligana104.com.br\/2021\/wp-json\/wp\/v2\/tags?post=21477"}],"curies":[{"name":"wp","href":"https:\/\/api.w.org\/{rel}","templated":true}]}}