{"id":21474,"date":"2026-09-02T21:40:13","date_gmt":"2026-09-03T00:40:13","guid":{"rendered":"https:\/\/ligana104.com.br\/2021\/2026\/09\/02\/cao-e-resgatado-com-pata-esmagada-em-possivel-caso-de-maus-tratos-em-rondonopolis-video-fortissimo\/"},"modified":"2026-09-02T21:40:14","modified_gmt":"2026-09-03T00:40:14","slug":"cao-e-resgatado-com-pata-esmagada-em-possivel-caso-de-maus-tratos-em-rondonopolis-video-fortissimo","status":"publish","type":"post","link":"https:\/\/ligana104.com.br\/2021\/2026\/09\/02\/cao-e-resgatado-com-pata-esmagada-em-possivel-caso-de-maus-tratos-em-rondonopolis-video-fortissimo\/","title":{"rendered":"C\u00e3o \u00e9 resgatado com pata esmagada em poss\u00edvel caso de maus-tratos em Rondon\u00f3polis; v\u00eddeo fort\u00edssimo"},"content":{"rendered":"<p> <br \/>\n<\/p>\n<div>\n<p>Um animal foi resgatado em uma situa\u00e7\u00e3o de muita dor e sofrimento no bairro Vila Mineira, em Rondon\u00f3polis. Ele chegou para atendimento com uma das patas gravemente esmagada e, diante da extens\u00e3o do ferimento, existe a possibilidade de que seja necess\u00e1ria a amputa\u00e7\u00e3o do membro.<\/p>\n<p>Ap\u00f3s o resgate, o animal ficou sob os cuidados da equipe do CIBEAR (Centro Integrado de Bem-Estar Animal de Rondon\u00f3polis), onde recebe acompanhamento e tratamento. <strong>De acordo com informa\u00e7\u00f5es, o cachorro possivelmente foi v\u00edtima de um atropelamento. <\/strong><\/p>\n<p>A situa\u00e7\u00e3o mobilizou a equipe e tamb\u00e9m motivou um alerta \u00e0 popula\u00e7\u00e3o sobre a responsabilidade de prestar aux\u00edlio aos animais feridos e combater situa\u00e7\u00f5es de maus-tratos.<\/p>\n<div class=\"g g-90\">\n<div class=\"g-single a-66\">\n<div style=\"position: relative; width: 100%;\">\n    <!-- Banner 3 --><\/p>\n<p>    <!-- Banner 4 --><\/p>\n<div id=\"banner4\" style=\"opacity: 0; transition: opacity 1s; width: 100%;\">\n        <a class=\"gofollow\" data-track=\"NjYsOTAsMSw2MA==\" href=\"https:\/\/www.instagram.com\/cdl.roo\" target=\"_blank\" rel=\"noopener\">&#13;<br \/>\n            &#13;<br \/>\n        <\/a>\n    <\/div>\n<\/div>\n<\/div>\n<\/div>\n<p>Em publica\u00e7\u00e3o nas redes sociais, o CIBEAR refor\u00e7ou que maus-tratos contra animais constituem crime e que casos de neglig\u00eancia tamb\u00e9m podem gerar consequ\u00eancias, conforme as circunst\u00e2ncias.<\/p>\n<p>O \u00f3rg\u00e3o ainda chamou aten\u00e7\u00e3o especialmente para situa\u00e7\u00f5es envolvendo animais atropelados. A orienta\u00e7\u00e3o \u00e9 para que o respons\u00e1vel n\u00e3o simplesmente deixe o local e abandone o animal ferido sem qualquer assist\u00eancia.<\/p>\n<p>\u201cAnimal sente dor. Sofre. Animal precisa de ajuda\u201d, destacou o CIBEAR.<\/p>\n<p>O centro tamb\u00e9m orienta que pessoas que presenciarem situa\u00e7\u00f5es de maus-tratos ou encontrarem animais feridos procurem ajuda e fa\u00e7am a den\u00fancia aos \u00f3rg\u00e3os respons\u00e1veis.<\/p>\n<p>V\u00eddeo:<\/p>\n<blockquote class=\"instagram-media\" data-instgrm-captioned=\"\" data-instgrm-permalink=\"https:\/\/www.instagram.com\/reel\/DcwbjZ4Bupr\/?utm_source=ig_embed&amp;utm_campaign=loading\" data-instgrm-version=\"14\" style=\" background:#FFF; border:0; border-radius:3px; box-shadow:0 0 1px 0 rgba(0,0,0,0.5),0 1px 10px 0 rgba(0,0,0,0.15); margin: 1px; max-width:540px; min-width:326px; padding:0; width:99.375%; width:-webkit-calc(100% - 2px); width:calc(100% - 2px);\"\/>\n<p><!-- H&aacute; banners, eles s&atilde;o deficientes ou nenhum qualificado para este local! -->\t\t\t\t<\/div>\n<p><script async src=\"\/\/www.instagram.com\/embed.js\"><\/script><br \/>\n<br \/><br \/>\n<br \/><a href=\"https:\/\/rgtnews.com.br\/destaque\/cao-e-resgatado-com-pata-esmagada-em-possivel-caso-de-maus-tratos-em-rondonopolis-video-fortissimo\/?utm_source=rss&#038;utm_medium=rss&#038;utm_campaign=cao-e-resgatado-com-pata-esmagada-em-possivel-caso-de-maus-tratos-em-rondonopolis-video-fortissimo\">Fonte da Noticia <\/a><\/p>\n","protected":false},"excerpt":{"rendered":"<p>Um animal foi resgatado em uma situa\u00e7\u00e3o de muita dor e sofrimento no bairro Vila Mineira, em Rondon\u00f3polis. Ele chegou para atendimento com uma das patas gravemente esmagada e, diante da extens\u00e3o do ferimento, existe a possibilidade de que seja necess\u00e1ria a amputa\u00e7\u00e3o do membro. Ap\u00f3s o resgate, o animal ficou sob os cuidados da [&hellip;]<\/p>\n","protected":false},"author":1,"featured_media":21475,"comment_status":"closed","ping_status":"closed","sticky":false,"template":"","format":"standard","meta":[],"categories":[1],"tags":[],"_links":{"self":[{"href":"https:\/\/ligana104.com.br\/2021\/wp-json\/wp\/v2\/posts\/21474"}],"collection":[{"href":"https:\/\/ligana104.com.br\/2021\/wp-json\/wp\/v2\/posts"}],"about":[{"href":"https:\/\/ligana104.com.br\/2021\/wp-json\/wp\/v2\/types\/post"}],"author":[{"embeddable":true,"href":"https:\/\/ligana104.com.br\/2021\/wp-json\/wp\/v2\/users\/1"}],"replies":[{"embeddable":true,"href":"https:\/\/ligana104.com.br\/2021\/wp-json\/wp\/v2\/comments?post=21474"}],"version-history":[{"count":1,"href":"https:\/\/ligana104.com.br\/2021\/wp-json\/wp\/v2\/posts\/21474\/revisions"}],"predecessor-version":[{"id":21476,"href":"https:\/\/ligana104.com.br\/2021\/wp-json\/wp\/v2\/posts\/21474\/revisions\/21476"}],"wp:featuredmedia":[{"embeddable":true,"href":"https:\/\/ligana104.com.br\/2021\/wp-json\/wp\/v2\/media\/21475"}],"wp:attachment":[{"href":"https:\/\/ligana104.com.br\/2021\/wp-json\/wp\/v2\/media?parent=21474"}],"wp:term":[{"taxonomy":"category","embeddable":true,"href":"https:\/\/ligana104.com.br\/2021\/wp-json\/wp\/v2\/categories?post=21474"},{"taxonomy":"post_tag","embeddable":true,"href":"https:\/\/ligana104.com.br\/2021\/wp-json\/wp\/v2\/tags?post=21474"}],"curies":[{"name":"wp","href":"https:\/\/api.w.org\/{rel}","templated":true}]}}