{"id":21462,"date":"2026-09-02T17:20:15","date_gmt":"2026-09-02T20:20:15","guid":{"rendered":"https:\/\/ligana104.com.br\/2021\/2026\/09\/02\/motorista-e-preso-apos-invadir-pista-contraria-e-causar-morte-de-jovem-e-crianca-de-3-anos-na-br-364-video\/"},"modified":"2026-09-02T17:20:15","modified_gmt":"2026-09-02T20:20:15","slug":"motorista-e-preso-apos-invadir-pista-contraria-e-causar-morte-de-jovem-e-crianca-de-3-anos-na-br-364-video","status":"publish","type":"post","link":"https:\/\/ligana104.com.br\/2021\/2026\/09\/02\/motorista-e-preso-apos-invadir-pista-contraria-e-causar-morte-de-jovem-e-crianca-de-3-anos-na-br-364-video\/","title":{"rendered":"Motorista \u00e9 preso ap\u00f3s invadir pista contr\u00e1ria e causar morte de jovem e crian\u00e7a de 3 anos na BR-364; v\u00eddeo"},"content":{"rendered":"<p> <br \/>\n<\/p>\n<div>\n<p>Um motorista de caminh\u00e3o envolvido em um grave acidente de tr\u00e2nsito, que resultou na morte de uma jovem de 18 anos e de uma crian\u00e7a, de tr\u00eas anos, foi autuado em flagrante pela Pol\u00edcia Civil pelo crime de homic\u00eddio qualificado. O acidente ocorreu na manh\u00e3 desta ter\u00e7a-feira (1\u00ba.9), na BR-163\/364, no km 584, na zona rural de Jangada.<\/p>\n<p>No acidente, o caminh\u00e3o Mercedes-Benz teria invadido a pista contr\u00e1ria durante uma manobra de ultrapassagem em local proibido. Na sequ\u00eancia, a roda dianteira direita do ve\u00edculo atingiu a regi\u00e3o do farol dianteiro de uma caminhonete Chevrolet S10 LTZ.<\/p>\n<p>Com o impacto, a caminhonete saiu da pista e colidiu contra um barranco \u00e0s margens da rodovia. O ve\u00edculo era ocupado por tr\u00eas pessoas, entre elas, as v\u00edtimas uma jovem de 18 anos, e uma crina\u00e7a de tr\u00eas anos. O condutor da caminhonete foi socorrido e encaminhado para uma unidade de sa\u00fade, enquanto as duas passageiras n\u00e3o resistiram aos ferimentos e morreram ainda no local.<\/p>\n<div class=\"g g-90\">\n<div class=\"g-single a-66\">\n<div style=\"position: relative; width: 100%;\">\n    <!-- Banner 3 --><\/p>\n<p>    <!-- Banner 4 --><\/p>\n<div id=\"banner4\" style=\"opacity: 0; transition: opacity 1s; width: 100%;\">\n        <a class=\"gofollow\" data-track=\"NjYsOTAsMSw2MA==\" href=\"https:\/\/www.instagram.com\/cdl.roo\" target=\"_blank\" rel=\"noopener\">&#13;<br \/>\n            &#13;<br \/>\n        <\/a>\n    <\/div>\n<\/div>\n<\/div>\n<\/div>\n<p>A ocorr\u00eancia foi inicialmente atendida pela Pol\u00edcia Rodovi\u00e1ria Federal (PRF), que conduziu o motorista do caminh\u00e3o \u00e0 Delegacia de Ros\u00e1rio Oeste, para prestar esclarecimentos sobre os fatos.<\/p>\n<p>Na an\u00e1lise das circunst\u00e2ncias do acidente, foi considerada a gravidade da conduta atribu\u00edda ao motorista, especialmente por se tratar de um condutor profissional, que dirigia um ve\u00edculo de grande porte e teria desrespeitado as regras de circula\u00e7\u00e3o e ultrapassagem.<\/p>\n<p>Diante das circunst\u00e2ncias apuradas, o motorista foi autuado em flagrante por homic\u00eddio qualificado, previsto no artigo 121, \u00a7 2\u00ba, do C\u00f3digo Penal. Conforme os elementos reunidos na investiga\u00e7\u00e3o, ele teria assumido o risco de provocar o acidente ao desrespeitar a sinaliza\u00e7\u00e3o e realizar uma manobra em local proibido.<\/p>\n<p>V\u00eddeo:<\/p>\n<blockquote class=\"instagram-media\" data-instgrm-captioned=\"\" data-instgrm-permalink=\"https:\/\/www.instagram.com\/reel\/DcwVsiVMtGb\/?utm_source=ig_embed&amp;utm_campaign=loading\" data-instgrm-version=\"14\" style=\" background:#FFF; border:0; border-radius:3px; box-shadow:0 0 1px 0 rgba(0,0,0,0.5),0 1px 10px 0 rgba(0,0,0,0.15); margin: 1px; max-width:540px; min-width:326px; padding:0; width:99.375%; width:-webkit-calc(100% - 2px); width:calc(100% - 2px);\"\/>\n<p><em>Conduta de risco<\/em><\/p>\n<p>A avalia\u00e7\u00e3o da conduta do motorista e a lavratura da pris\u00e3o em flagrante levaram em considera\u00e7\u00e3o que a ultrapassagem em local proibido, associada \u00e0 invas\u00e3o da pista contr\u00e1ria e \u00e0 condu\u00e7\u00e3o de um caminh\u00e3o, representa uma conduta de elevado risco para os demais usu\u00e1rios da rodovia.<\/p>\n<p>A legisla\u00e7\u00e3o de tr\u00e2nsito estabelece uma responsabilidade especial dos condutores de ve\u00edculos de maior porte em rela\u00e7\u00e3o aos usu\u00e1rios mais vulner\u00e1veis da via. Nesse contexto, a conduta foi considerada temer\u00e1ria, por criar risco grave e previs\u00edvel \u00e0 integridade de terceiros.<br \/>\n<!-- H&aacute; banners, eles s&atilde;o deficientes ou nenhum qualificado para este local! --><\/p>\n<\/p><\/div>\n<p><script async src=\"\/\/www.instagram.com\/embed.js\"><\/script><br \/>\n<br \/><br \/>\n<br \/><a href=\"https:\/\/rgtnews.com.br\/destaque\/motorista-e-preso-apos-invadir-pista-contraria-e-matar-jovem-e-crianca-de-3-anos-na-br-364-video\/?utm_source=rss&#038;utm_medium=rss&#038;utm_campaign=motorista-e-preso-apos-invadir-pista-contraria-e-matar-jovem-e-crianca-de-3-anos-na-br-364-video\">Fonte da Noticia <\/a><\/p>\n","protected":false},"excerpt":{"rendered":"<p>Um motorista de caminh\u00e3o envolvido em um grave acidente de tr\u00e2nsito, que resultou na morte de uma jovem de 18 anos e de uma crian\u00e7a, de tr\u00eas anos, foi autuado em flagrante pela Pol\u00edcia Civil pelo crime de homic\u00eddio qualificado. O acidente ocorreu na manh\u00e3 desta ter\u00e7a-feira (1\u00ba.9), na BR-163\/364, no km 584, na zona [&hellip;]<\/p>\n","protected":false},"author":1,"featured_media":21463,"comment_status":"closed","ping_status":"closed","sticky":false,"template":"","format":"standard","meta":[],"categories":[1],"tags":[],"_links":{"self":[{"href":"https:\/\/ligana104.com.br\/2021\/wp-json\/wp\/v2\/posts\/21462"}],"collection":[{"href":"https:\/\/ligana104.com.br\/2021\/wp-json\/wp\/v2\/posts"}],"about":[{"href":"https:\/\/ligana104.com.br\/2021\/wp-json\/wp\/v2\/types\/post"}],"author":[{"embeddable":true,"href":"https:\/\/ligana104.com.br\/2021\/wp-json\/wp\/v2\/users\/1"}],"replies":[{"embeddable":true,"href":"https:\/\/ligana104.com.br\/2021\/wp-json\/wp\/v2\/comments?post=21462"}],"version-history":[{"count":1,"href":"https:\/\/ligana104.com.br\/2021\/wp-json\/wp\/v2\/posts\/21462\/revisions"}],"predecessor-version":[{"id":21464,"href":"https:\/\/ligana104.com.br\/2021\/wp-json\/wp\/v2\/posts\/21462\/revisions\/21464"}],"wp:featuredmedia":[{"embeddable":true,"href":"https:\/\/ligana104.com.br\/2021\/wp-json\/wp\/v2\/media\/21463"}],"wp:attachment":[{"href":"https:\/\/ligana104.com.br\/2021\/wp-json\/wp\/v2\/media?parent=21462"}],"wp:term":[{"taxonomy":"category","embeddable":true,"href":"https:\/\/ligana104.com.br\/2021\/wp-json\/wp\/v2\/categories?post=21462"},{"taxonomy":"post_tag","embeddable":true,"href":"https:\/\/ligana104.com.br\/2021\/wp-json\/wp\/v2\/tags?post=21462"}],"curies":[{"name":"wp","href":"https:\/\/api.w.org\/{rel}","templated":true}]}}