{"id":21459,"date":"2026-09-02T16:15:14","date_gmt":"2026-09-02T19:15:14","guid":{"rendered":"https:\/\/ligana104.com.br\/2021\/2026\/09\/02\/comecou-ingressos-para-show-de-nando-reis-em-rondonopolis-ja-estao-a-venda\/"},"modified":"2026-09-02T16:15:15","modified_gmt":"2026-09-02T19:15:15","slug":"comecou-ingressos-para-show-de-nando-reis-em-rondonopolis-ja-estao-a-venda","status":"publish","type":"post","link":"https:\/\/ligana104.com.br\/2021\/2026\/09\/02\/comecou-ingressos-para-show-de-nando-reis-em-rondonopolis-ja-estao-a-venda\/","title":{"rendered":"COME\u00c7OU! Ingressos para show de Nando Reis em Rondon\u00f3polis j\u00e1 est\u00e3o \u00e0 venda"},"content":{"rendered":"<p> <br \/>\n<\/p>\n<div>\n<p>Os ingressos para o aguardado show de <strong>Nando Reis em Rondon\u00f3polis come\u00e7aram a ser vendidos nesta quarta-feira (2)<\/strong>. O cantor e compositor se apresentar\u00e1 pela primeira vez na cidade no dia <strong>1\u00ba de novembro, \u00e0s 21h, no Id\u00e9ia\u2019s Buffet<\/strong>, com o espet\u00e1culo \u201cVoz e Viol\u00e3o\u201d.<\/p>\n<p>A apresenta\u00e7\u00e3o foi antecipada com exclusividade pelo <strong>RGT News<\/strong> e promete reunir f\u00e3s de diferentes gera\u00e7\u00f5es para uma noite marcada pelos grandes sucessos da carreira do artista.<\/p>\n<p>Ex-integrante dos Tit\u00e3s, Nando Reis construiu uma trajet\u00f3ria de destaque na m\u00fasica brasileira e coleciona sucessos que atravessaram gera\u00e7\u00f5es, como \u201cAll Star\u201d, \u201cRelic\u00e1rio\u201d, \u201cPor Onde Andei\u201d e \u201cLuz dos Olhos\u201d. O artista tamb\u00e9m assina m\u00fasicas que ganharam proje\u00e7\u00e3o nacional nas vozes de outros grandes nomes da m\u00fasica brasileira.<\/p>\n<div class=\"g g-90\">\n<div class=\"g-single a-66\">\n<div style=\"position: relative; width: 100%;\">\n    <!-- Banner 3 --><\/p>\n<p>    <!-- Banner 4 --><\/p>\n<div id=\"banner4\" style=\"opacity: 0; transition: opacity 1s; width: 100%;\">\n        <a class=\"gofollow\" data-track=\"NjYsOTAsMSw2MA==\" href=\"https:\/\/www.instagram.com\/cdl.roo\" target=\"_blank\" rel=\"noopener\">&#13;<br \/>\n            &#13;<br \/>\n        <\/a>\n    <\/div>\n<\/div>\n<\/div>\n<\/div>\n<p>Em Rondon\u00f3polis, o p\u00fablico ter\u00e1 a oportunidade de acompanhar Nando Reis em um formato mais intimista. No show <strong>\u201cVoz e Viol\u00e3o\u201d<\/strong>, o artista sobe ao palco acompanhado de seu instrumento, colocando em evid\u00eancia as letras e melodias que marcaram sua carreira.<\/p>\n<p>A produ\u00e7\u00e3o local ficar\u00e1 sob responsabilidade de <strong>Jake Nunes<\/strong>.<\/p>\n<p>Com as vendas oficialmente abertas nesta quarta-feira, os f\u00e3s j\u00e1 podem garantir presen\u00e7a no evento. <strong>Os ingressos est\u00e3o dispon\u00edveis para compra pela plataforma Blackticket.<\/strong><\/p>\n<p><strong>COMPRE SEU INGRESSO:<\/strong><br \/><a href=\"https:\/\/www.blackticket.com.br\/Evento\/nando-reis-violao-e-voz\">https:\/\/www.blackticket.com.br\/Evento\/nando-reis-violao-e-voz<\/a><\/p>\n<p>Para mais informa\u00e7\u00f5es, o contato disponibilizado pela produ\u00e7\u00e3o \u00e9 <strong>(67) 99237-6677<\/strong>.<\/p>\n<p>O show acontece no <strong>dia 1\u00ba de novembro, \u00e0s 21h, no Id\u00e9ia\u2019s Buffet, em Rondon\u00f3polis<\/strong>.<\/p>\n<figure class=\"wp-block-image size-large\"><img loading=\"lazy\" fetchpriority=\"high\" decoding=\"async\" width=\"576\" height=\"1024\" src=\"https:\/\/rgtnews.com.br\/wp-content\/uploads\/2026\/09\/image-1-576x1024.png\" alt=\"\" class=\"wp-image-81205\" srcset=\"https:\/\/rgtnews.com.br\/wp-content\/uploads\/2026\/09\/image-1-576x1024.png 576w, https:\/\/rgtnews.com.br\/wp-content\/uploads\/2026\/09\/image-1-169x300.png 169w, https:\/\/rgtnews.com.br\/wp-content\/uploads\/2026\/09\/image-1-768x1365.png 768w, https:\/\/rgtnews.com.br\/wp-content\/uploads\/2026\/09\/image-1.png 864w\" sizes=\"(max-width: 576px) 100vw, 576px\"\/><\/figure>\n<p><!-- H&aacute; banners, eles s&atilde;o deficientes ou nenhum qualificado para este local! --><\/p>\n<\/p><\/div>\n<p><script async src=\"\/\/www.instagram.com\/embed.js\"><\/script><br \/>\n<br \/><br \/>\n<br \/><a href=\"https:\/\/rgtnews.com.br\/destaque\/comecou-ingressos-para-show-de-nando-reis-em-rondonopolis-ja-estao-a-venda\/?utm_source=rss&#038;utm_medium=rss&#038;utm_campaign=comecou-ingressos-para-show-de-nando-reis-em-rondonopolis-ja-estao-a-venda\">Fonte da Noticia <\/a><\/p>\n","protected":false},"excerpt":{"rendered":"<p>Os ingressos para o aguardado show de Nando Reis em Rondon\u00f3polis come\u00e7aram a ser vendidos nesta quarta-feira (2). O cantor e compositor se apresentar\u00e1 pela primeira vez na cidade no dia 1\u00ba de novembro, \u00e0s 21h, no Id\u00e9ia\u2019s Buffet, com o espet\u00e1culo \u201cVoz e Viol\u00e3o\u201d. A apresenta\u00e7\u00e3o foi antecipada com exclusividade pelo RGT News e [&hellip;]<\/p>\n","protected":false},"author":1,"featured_media":21460,"comment_status":"closed","ping_status":"closed","sticky":false,"template":"","format":"standard","meta":[],"categories":[1],"tags":[],"_links":{"self":[{"href":"https:\/\/ligana104.com.br\/2021\/wp-json\/wp\/v2\/posts\/21459"}],"collection":[{"href":"https:\/\/ligana104.com.br\/2021\/wp-json\/wp\/v2\/posts"}],"about":[{"href":"https:\/\/ligana104.com.br\/2021\/wp-json\/wp\/v2\/types\/post"}],"author":[{"embeddable":true,"href":"https:\/\/ligana104.com.br\/2021\/wp-json\/wp\/v2\/users\/1"}],"replies":[{"embeddable":true,"href":"https:\/\/ligana104.com.br\/2021\/wp-json\/wp\/v2\/comments?post=21459"}],"version-history":[{"count":1,"href":"https:\/\/ligana104.com.br\/2021\/wp-json\/wp\/v2\/posts\/21459\/revisions"}],"predecessor-version":[{"id":21461,"href":"https:\/\/ligana104.com.br\/2021\/wp-json\/wp\/v2\/posts\/21459\/revisions\/21461"}],"wp:featuredmedia":[{"embeddable":true,"href":"https:\/\/ligana104.com.br\/2021\/wp-json\/wp\/v2\/media\/21460"}],"wp:attachment":[{"href":"https:\/\/ligana104.com.br\/2021\/wp-json\/wp\/v2\/media?parent=21459"}],"wp:term":[{"taxonomy":"category","embeddable":true,"href":"https:\/\/ligana104.com.br\/2021\/wp-json\/wp\/v2\/categories?post=21459"},{"taxonomy":"post_tag","embeddable":true,"href":"https:\/\/ligana104.com.br\/2021\/wp-json\/wp\/v2\/tags?post=21459"}],"curies":[{"name":"wp","href":"https:\/\/api.w.org\/{rel}","templated":true}]}}