{"id":21453,"date":"2026-09-02T14:05:15","date_gmt":"2026-09-02T17:05:15","guid":{"rendered":"https:\/\/ligana104.com.br\/2021\/2026\/09\/02\/wellington-fagundes-apresenta-projeto-para-fortalecer-atuacao-de-agentes-de-saude-e-apoiar-familias\/"},"modified":"2026-09-02T14:05:16","modified_gmt":"2026-09-02T17:05:16","slug":"wellington-fagundes-apresenta-projeto-para-fortalecer-atuacao-de-agentes-de-saude-e-apoiar-familias","status":"publish","type":"post","link":"https:\/\/ligana104.com.br\/2021\/2026\/09\/02\/wellington-fagundes-apresenta-projeto-para-fortalecer-atuacao-de-agentes-de-saude-e-apoiar-familias\/","title":{"rendered":"Wellington Fagundes apresenta projeto para fortalecer atua\u00e7\u00e3o de agentes de sa\u00fade e apoiar fam\u00edlias"},"content":{"rendered":"<p> <br \/>\n<\/p>\n<div>\n<p>O candidato ao Governo de Mato Grosso, senador Wellington Fagundes, apresentou um projeto de lei para fortalecer e organizar a atua\u00e7\u00e3o dos Agentes Comunit\u00e1rios de Sa\u00fade (ACS) e dos Agentes de Combate \u00e0s Endemias (ACE) no acompanhamento das fam\u00edlias e na articula\u00e7\u00e3o com os servi\u00e7os p\u00fablicos. A proposta aproveita a presen\u00e7a di\u00e1ria desses profissionais nas comunidades para ampliar a identifica\u00e7\u00e3o de situa\u00e7\u00f5es de vulnerabilidade e facilitar o acesso das fam\u00edlias \u00e0s pol\u00edticas p\u00fablicas.<\/p>\n<p>Pela proposta do projeto, os agentes poder\u00e3o identificar situa\u00e7\u00f5es de risco, orientar as fam\u00edlias sobre servi\u00e7os de sa\u00fade, assist\u00eancia social, educa\u00e7\u00e3o e prote\u00e7\u00e3o de direitos, al\u00e9m de encaminhar demandas aos \u00f3rg\u00e3os respons\u00e1veis e acompanhar o atendimento. Tamb\u00e9m prev\u00ea capacita\u00e7\u00e3o espec\u00edfica e utiliza\u00e7\u00e3o de ferramentas digitais para melhorar a integra\u00e7\u00e3o entre os servi\u00e7os p\u00fablicos.<\/p>\n<p>\u201cA iniciativa n\u00e3o cria uma nova profiss\u00e3o nem altera o v\u00ednculo, a jornada ou as atividades principais dos agentes. N\u00e3o vamos permitir redu\u00e7\u00e3o das equipes ou sobrecarga de trabalho. A atua\u00e7\u00e3o desses profissionais dever\u00e1 respeitar a privacidade e a autonomia das fam\u00edlias, sem qualquer fun\u00e7\u00e3o policial, investigativa ou de fiscaliza\u00e7\u00e3o da vida privada\u201d, afirma Fagundes.<\/p>\n<div class=\"g g-90\">\n<div class=\"g-single a-66\">\n<div style=\"position: relative; width: 100%;\">\n    <!-- Banner 3 --><\/p>\n<p>    <!-- Banner 4 --><\/p>\n<div id=\"banner4\" style=\"opacity: 0; transition: opacity 1s; width: 100%;\">\n        <a class=\"gofollow\" data-track=\"NjYsOTAsMSw2MA==\" href=\"https:\/\/www.instagram.com\/cdl.roo\" target=\"_blank\" rel=\"noopener\">&#13;<br \/>\n            &#13;<br \/>\n        <\/a>\n    <\/div>\n<\/div>\n<\/div>\n<\/div>\n<p>No ano passado, Wellington tamb\u00e9m atuou como relator no Senado do PLP 185\/2024, que regulamenta a aposentadoria especial dos agentes comunit\u00e1rios de sa\u00fade e dos agentes de combate \u00e0s endemias. Sob sua relatoria, a proposta recebeu parecer favor\u00e1vel e foi aprovada pelo plen\u00e1rio em novembro.<\/p>\n<p>\u201cO projeto est\u00e1 na C\u00e2mara e j\u00e1 temos requerimento de urg\u00eancia e v\u00e1rios pedidos de inclus\u00e3o na ordem do dia. Agora, o pr\u00f3ximo passo \u00e9 a mat\u00e9ria ser pautada pela Presid\u00eancia da C\u00e2mara para avan\u00e7armos na vota\u00e7\u00e3o e assim fazer justi\u00e7a a esses profissionais que enfrentam chuva e sol por este Brasil a fora\u201d, disse Wellington.<br \/>\n<!-- H&aacute; banners, eles s&atilde;o deficientes ou nenhum qualificado para este local! --><\/p>\n<\/p><\/div>\n<p><script async src=\"\/\/www.instagram.com\/embed.js\"><\/script><br \/>\n<br \/><br \/>\n<br \/><a href=\"https:\/\/rgtnews.com.br\/noticias\/politica\/wellington-fagundes-apresenta-projeto-para-fortalecer-atuacao-de-agentes-de-saude-e-apoiar-familias\/?utm_source=rss&#038;utm_medium=rss&#038;utm_campaign=wellington-fagundes-apresenta-projeto-para-fortalecer-atuacao-de-agentes-de-saude-e-apoiar-familias\">Fonte da Noticia <\/a><\/p>\n","protected":false},"excerpt":{"rendered":"<p>O candidato ao Governo de Mato Grosso, senador Wellington Fagundes, apresentou um projeto de lei para fortalecer e organizar a atua\u00e7\u00e3o dos Agentes Comunit\u00e1rios de Sa\u00fade (ACS) e dos Agentes de Combate \u00e0s Endemias (ACE) no acompanhamento das fam\u00edlias e na articula\u00e7\u00e3o com os servi\u00e7os p\u00fablicos. A proposta aproveita a presen\u00e7a di\u00e1ria desses profissionais nas [&hellip;]<\/p>\n","protected":false},"author":1,"featured_media":21454,"comment_status":"closed","ping_status":"closed","sticky":false,"template":"","format":"standard","meta":[],"categories":[1],"tags":[],"_links":{"self":[{"href":"https:\/\/ligana104.com.br\/2021\/wp-json\/wp\/v2\/posts\/21453"}],"collection":[{"href":"https:\/\/ligana104.com.br\/2021\/wp-json\/wp\/v2\/posts"}],"about":[{"href":"https:\/\/ligana104.com.br\/2021\/wp-json\/wp\/v2\/types\/post"}],"author":[{"embeddable":true,"href":"https:\/\/ligana104.com.br\/2021\/wp-json\/wp\/v2\/users\/1"}],"replies":[{"embeddable":true,"href":"https:\/\/ligana104.com.br\/2021\/wp-json\/wp\/v2\/comments?post=21453"}],"version-history":[{"count":1,"href":"https:\/\/ligana104.com.br\/2021\/wp-json\/wp\/v2\/posts\/21453\/revisions"}],"predecessor-version":[{"id":21455,"href":"https:\/\/ligana104.com.br\/2021\/wp-json\/wp\/v2\/posts\/21453\/revisions\/21455"}],"wp:featuredmedia":[{"embeddable":true,"href":"https:\/\/ligana104.com.br\/2021\/wp-json\/wp\/v2\/media\/21454"}],"wp:attachment":[{"href":"https:\/\/ligana104.com.br\/2021\/wp-json\/wp\/v2\/media?parent=21453"}],"wp:term":[{"taxonomy":"category","embeddable":true,"href":"https:\/\/ligana104.com.br\/2021\/wp-json\/wp\/v2\/categories?post=21453"},{"taxonomy":"post_tag","embeddable":true,"href":"https:\/\/ligana104.com.br\/2021\/wp-json\/wp\/v2\/tags?post=21453"}],"curies":[{"name":"wp","href":"https:\/\/api.w.org\/{rel}","templated":true}]}}