{"id":21450,"date":"2026-09-02T13:00:15","date_gmt":"2026-09-02T16:00:15","guid":{"rendered":"https:\/\/ligana104.com.br\/2021\/2026\/09\/02\/com-inscricoes-encerradas-propostas-para-o-edital-de-emendas-participativas-avancam-para-fase-de-avaliacao-tecnica\/"},"modified":"2026-09-02T13:00:15","modified_gmt":"2026-09-02T16:00:15","slug":"com-inscricoes-encerradas-propostas-para-o-edital-de-emendas-participativas-avancam-para-fase-de-avaliacao-tecnica","status":"publish","type":"post","link":"https:\/\/ligana104.com.br\/2021\/2026\/09\/02\/com-inscricoes-encerradas-propostas-para-o-edital-de-emendas-participativas-avancam-para-fase-de-avaliacao-tecnica\/","title":{"rendered":"Com inscri\u00e7\u00f5es encerradas, propostas para o Edital de Emendas Participativas avan\u00e7am para fase de avalia\u00e7\u00e3o t\u00e9cnica"},"content":{"rendered":"<p> <br \/>\n<\/p>\n<div data-id=\"16dae40\" data-element_type=\"widget\" data-e-type=\"widget\" data-widget_type=\"theme-post-content.default\">\n<div class=\"elementor-widget-container\">\n<p><strong><em>Iniciativa do gabinete do vereador Ibrahim Zaher mobiliza a comunidade e entra em etapa de an\u00e1lise a partir do dia 8<\/em><\/strong><\/p>\n<p>Chegou ao fim, no \u00faltimo dia 31 de agosto, o prazo de inscri\u00e7\u00f5es para o Edital de Emendas Participativas 2027, iniciativa promovida pelo vereador Ibrahim Zaher (MDB). Com 40 inscritos, o projeto tem como objetivo democratizar a destina\u00e7\u00e3o dos recursos p\u00fablicos, disponibilizando at\u00e9 R$ 40 mil para que entidades sociais, associa\u00e7\u00f5es e a pr\u00f3pria comunidade indiquem a\u00e7\u00f5es voltadas \u00e0s \u00e1reas de Educa\u00e7\u00e3o, Sa\u00fade, Desenvolvimento Social, Cultura, Esporte, Inova\u00e7\u00e3o e Meio Ambiente, gerando impacto positivo no munic\u00edpio.<\/p>\n<p>Com o encerramento do envio das propostas, o processo entra agora em sua segunda etapa, a Avalia\u00e7\u00e3o T\u00e9cnica. O cronograma oficial estabelece que o per\u00edodo de an\u00e1lise ter\u00e1 in\u00edcio na pr\u00f3xima ter\u00e7a-feira, 8 de setembro, estendendo-se at\u00e9 o dia 22 de setembro de 2026. Nesta fase, todos os projetos cadastrados passar\u00e3o pelo crivo de uma banca avaliadora convidada pela assessoria do parlamentar, que poder\u00e1 ser integrada por servidores do gabinete, volunt\u00e1rios do mandato e especialistas convidados nas \u00e1reas tem\u00e1ticas do edital.<\/p>\n<div class=\"g g-90\">\n<div class=\"g-single a-66\">\n<div style=\"position: relative; width: 100%;\">\n    <!-- Banner 3 --><\/p>\n<p>    <!-- Banner 4 --><\/p>\n<div id=\"banner4\" style=\"opacity: 0; transition: opacity 1s; width: 100%;\">\n        <a class=\"gofollow\" data-track=\"NjYsOTAsMSw2MA==\" href=\"https:\/\/www.instagram.com\/cdl.roo\" target=\"_blank\" rel=\"noopener\">&#13;<br \/>\n            &#13;<br \/>\n        <\/a>\n    <\/div>\n<\/div>\n<\/div>\n<\/div>\n<p>O vereador Ibrahim Zaher destacou a relev\u00e2ncia da participa\u00e7\u00e3o popular na constru\u00e7\u00e3o de um mandato transparente, e caminhando junto com os anseios da popula\u00e7\u00e3o. \u201cO edital de emendas participativas \u00e9 uma ferramenta que devolve ao cidad\u00e3o o poder de decidir onde o recurso p\u00fablico deve ser aplicado com mais efici\u00eancia. Encerramos a fase de inscri\u00e7\u00f5es com um balan\u00e7o muito positivo com 40 propostas. Agora, nossa banca t\u00e9cnica trabalhar\u00e1 com rigor e isen\u00e7\u00e3o, para selecionar iniciativas que realmente transformem a realidade da nossa popula\u00e7\u00e3o\u201d, afirmou.<\/p>\n<p>Os resultados e as pr\u00f3ximas fases do cronograma do processo seletivo poder\u00e3o ser acompanhados diretamente pelo portal oficial do parlamentar (www.ibrahimzaher.com.br) e por suas redes sociais oficiais.<br \/>\n<!-- H&aacute; banners, eles s&atilde;o deficientes ou nenhum qualificado para este local! --><\/p>\n<\/p><\/div><\/div>\n<p><script async src=\"\/\/www.instagram.com\/embed.js\"><\/script><br \/>\n<br \/><br \/>\n<br \/><a href=\"https:\/\/rgtnews.com.br\/noticias\/politica\/com-inscricoes-encerradas-propostas-para-o-edital-de-emendas-participativas-avancam-para-fase-de-avaliacao-tecnica\/?utm_source=rss&#038;utm_medium=rss&#038;utm_campaign=com-inscricoes-encerradas-propostas-para-o-edital-de-emendas-participativas-avancam-para-fase-de-avaliacao-tecnica\">Fonte da Noticia <\/a><\/p>\n","protected":false},"excerpt":{"rendered":"<p>Iniciativa do gabinete do vereador Ibrahim Zaher mobiliza a comunidade e entra em etapa de an\u00e1lise a partir do dia 8 Chegou ao fim, no \u00faltimo dia 31 de agosto, o prazo de inscri\u00e7\u00f5es para o Edital de Emendas Participativas 2027, iniciativa promovida pelo vereador Ibrahim Zaher (MDB). Com 40 inscritos, o projeto tem como [&hellip;]<\/p>\n","protected":false},"author":1,"featured_media":21451,"comment_status":"closed","ping_status":"closed","sticky":false,"template":"","format":"standard","meta":[],"categories":[1],"tags":[],"_links":{"self":[{"href":"https:\/\/ligana104.com.br\/2021\/wp-json\/wp\/v2\/posts\/21450"}],"collection":[{"href":"https:\/\/ligana104.com.br\/2021\/wp-json\/wp\/v2\/posts"}],"about":[{"href":"https:\/\/ligana104.com.br\/2021\/wp-json\/wp\/v2\/types\/post"}],"author":[{"embeddable":true,"href":"https:\/\/ligana104.com.br\/2021\/wp-json\/wp\/v2\/users\/1"}],"replies":[{"embeddable":true,"href":"https:\/\/ligana104.com.br\/2021\/wp-json\/wp\/v2\/comments?post=21450"}],"version-history":[{"count":1,"href":"https:\/\/ligana104.com.br\/2021\/wp-json\/wp\/v2\/posts\/21450\/revisions"}],"predecessor-version":[{"id":21452,"href":"https:\/\/ligana104.com.br\/2021\/wp-json\/wp\/v2\/posts\/21450\/revisions\/21452"}],"wp:featuredmedia":[{"embeddable":true,"href":"https:\/\/ligana104.com.br\/2021\/wp-json\/wp\/v2\/media\/21451"}],"wp:attachment":[{"href":"https:\/\/ligana104.com.br\/2021\/wp-json\/wp\/v2\/media?parent=21450"}],"wp:term":[{"taxonomy":"category","embeddable":true,"href":"https:\/\/ligana104.com.br\/2021\/wp-json\/wp\/v2\/categories?post=21450"},{"taxonomy":"post_tag","embeddable":true,"href":"https:\/\/ligana104.com.br\/2021\/wp-json\/wp\/v2\/tags?post=21450"}],"curies":[{"name":"wp","href":"https:\/\/api.w.org\/{rel}","templated":true}]}}