{"id":21444,"date":"2026-09-02T10:50:14","date_gmt":"2026-09-02T13:50:14","guid":{"rendered":"https:\/\/ligana104.com.br\/2021\/2026\/09\/02\/nininho-diz-que-pavimentacao-da-mt-010-abre-nova-rota-entre-alta-floresta-e-a-br-163\/"},"modified":"2026-09-02T10:50:15","modified_gmt":"2026-09-02T13:50:15","slug":"nininho-diz-que-pavimentacao-da-mt-010-abre-nova-rota-entre-alta-floresta-e-a-br-163","status":"publish","type":"post","link":"https:\/\/ligana104.com.br\/2021\/2026\/09\/02\/nininho-diz-que-pavimentacao-da-mt-010-abre-nova-rota-entre-alta-floresta-e-a-br-163\/","title":{"rendered":"Nininho diz que pavimenta\u00e7\u00e3o da MT-010 abre nova rota entre Alta Floresta e a BR-163"},"content":{"rendered":"<p> <br \/>\n<\/p>\n<div>\n<p>A pavimenta\u00e7\u00e3o da MT-010 entre Alta Floresta e o distrito de Colorado do Norte, em Nova Cana\u00e3 do Norte, entrou em uma nova etapa com a autoriza\u00e7\u00e3o para licita\u00e7\u00e3o do trecho. O deputado estadual Ondanir Bortolini \u2013 Nininho (Republicanos) esteve no trecho de 76 quil\u00f4metros da rodovia que dever\u00e1 ser pavimentado a partir do entroncamento com a MT-208. O Governo do Estado autorizou a licita\u00e7\u00e3o da estrada e o processo j\u00e1 tramita na Secretaria de Estado de Infraestrutura e Log\u00edstica (Sinfra).<\/p>\n<p>A pavimenta\u00e7\u00e3o, articulada por Nininho, \u00e9 discutida h\u00e1 anos por produtores e lideran\u00e7as da regi\u00e3o. Uma das etapas decisivas foi a elabora\u00e7\u00e3o do projeto executivo de engenharia. A visita do parlamentar foi acompanhada pelo presidente da C\u00e2mara de Alta Floresta, Francisco Ailton, e pelos vereadores Chic\u00e3o Motocross, Naldo da Pista e Tuti.<\/p>\n<p>A mobiliza\u00e7\u00e3o foi liderada pela Associa\u00e7\u00e3o dos Loteantes e Produtores Rurais do Trecho Alta Floresta e Colorado (Alprac), presidida pelo empres\u00e1rio Wilson Sierra. A entidade participou da arrecada\u00e7\u00e3o de recursos para a contrata\u00e7\u00e3o do projeto, em parceria com produtores rurais e o poder p\u00fablico municipal.<\/p>\n<div class=\"g g-90\">\n<div class=\"g-single a-66\">\n<div style=\"position: relative; width: 100%;\">\n    <!-- Banner 3 --><\/p>\n<p>    <!-- Banner 4 --><\/p>\n<div id=\"banner4\" style=\"opacity: 0; transition: opacity 1s; width: 100%;\">\n        <a class=\"gofollow\" data-track=\"NjYsOTAsMSw2MA==\" href=\"https:\/\/www.instagram.com\/cdl.roo\" target=\"_blank\" rel=\"noopener\">&#13;<br \/>\n            &#13;<br \/>\n        <\/a>\n    <\/div>\n<\/div>\n<\/div>\n<\/div>\n<p>Depois de conclu\u00eddo, o documento foi protocolado na Sinfra para an\u00e1lise t\u00e9cnica e encaminhamento das etapas necess\u00e1rias \u00e0 licita\u00e7\u00e3o e execu\u00e7\u00e3o da obra pelo Estado. Nininho lembra que essa tamb\u00e9m \u00e9 uma demanda dos vereadores Dida e Leonice Klaus, parceiros pol\u00edticos do deputado em Alta Floresta.<\/p>\n<p><strong>PROJETO CHEGA \u00c0 SINFRA<\/strong><\/p>\n<p>Nininho informa que a autoriza\u00e7\u00e3o dada pelo governador Otaviano Pivetta, com participa\u00e7\u00e3o do ex-governador Mauro Mendes nas articula\u00e7\u00f5es anteriores, permite avan\u00e7ar para a fase de contrata\u00e7\u00e3o da pavimenta\u00e7\u00e3o. \u201cEsse projeto nasceu da mobiliza\u00e7\u00e3o de quem vive e produz nessa regi\u00e3o. A Alprac, os produtores, a prefeitura e as lideran\u00e7as locais fizeram a parte deles, o projeto chegou ao Estado e agora temos a autoriza\u00e7\u00e3o para a licita\u00e7\u00e3o. Estou acompanhando esse processo dentro da Sinfra para que ele avance at\u00e9 a execu\u00e7\u00e3o\u201d, refor\u00e7a.<\/p>\n<p>O deputado tamb\u00e9m enaltece a participa\u00e7\u00e3o de Wilson Sierra e dos produtores na prepara\u00e7\u00e3o do projeto executivo. \u201cQuando a comunidade se organiza e apresenta um projeto tecnicamente estruturado, conseguimos trabalhar de forma objetiva junto ao governo. Esse trecho da MT-010 tem import\u00e2ncia para Alta Floresta, Nova Cana\u00e3 do Norte e para toda a produ\u00e7\u00e3o que circula pelo Norte de Mato Grosso\u201d, acrescenta.<\/p>\n<p>Francisco Ailton comenta que a pavimenta\u00e7\u00e3o atende uma reivindica\u00e7\u00e3o antiga da regi\u00e3o e resulta da articula\u00e7\u00e3o entre produtores, munic\u00edpios e Estado. \u201c\u00c9 uma estrada estrat\u00e9gica para quem mora, trabalha e produz nessa \u00e1rea. Houve um esfor\u00e7o grande para viabilizar o projeto e agora acompanhamos uma etapa importante, que \u00e9 fazer esse processo avan\u00e7ar no Governo do Estado at\u00e9 a obra chegar \u00e0 rodovia\u201d, afirma o presidente da C\u00e2mara.<\/p>\n<p><strong>ACESSO \u00c0 BR-163<\/strong><\/p>\n<p>Nininho argumenta que esse asfalto vai interligar a MT-208 \u00e0 MT-010 at\u00e9 Colorado do Norte e, a partir da continuidade da rodovia, estabelecer uma conex\u00e3o em dire\u00e7\u00e3o \u00e0 BR-163, na regi\u00e3o do Posto Gil. \u201cCom a pavimenta\u00e7\u00e3o, a estrada poder\u00e1 funcionar como uma rota paralela \u00e0 BR-163 para deslocamentos entre o Norte de Mato Grosso e a regi\u00e3o central do Estado\u201d, observa.<\/p>\n<p>A nova liga\u00e7\u00e3o tamb\u00e9m \u00e9 considerada importante para o transporte da produ\u00e7\u00e3o agr\u00edcola e pecu\u00e1ria de Alta Floresta e munic\u00edpios da regi\u00e3o. O corredor reduz a depend\u00eancia de um \u00fanico eixo rodovi\u00e1rio e amplia as alternativas de acesso para propriedades rurais e comunidades localizadas ao longo da MT-010.<\/p>\n<p>\u201cEstamos falando de uma liga\u00e7\u00e3o que atende diretamente a produ\u00e7\u00e3o agr\u00edcola e pecu\u00e1ria e cria outra alternativa de deslocamento para quem precisa seguir em dire\u00e7\u00e3o \u00e0 capital. \u00c9 uma obra com efeito sobre a log\u00edstica da regi\u00e3o e sobre o cotidiano de quem utiliza essas estradas\u201d, destaca Nininho, lembrando que acompanhar\u00e1 a tramita\u00e7\u00e3o na Sinfra.<br \/>\n<!-- H&aacute; banners, eles s&atilde;o deficientes ou nenhum qualificado para este local! --><\/p>\n<\/p><\/div>\n<p><script async src=\"\/\/www.instagram.com\/embed.js\"><\/script><br \/>\n<br \/><br \/>\n<br \/><a href=\"https:\/\/rgtnews.com.br\/noticias\/politica\/nininho-diz-que-pavimentacao-da-mt-010-abre-nova-rota-entre-alta-floresta-e-a-br-163\/?utm_source=rss&#038;utm_medium=rss&#038;utm_campaign=nininho-diz-que-pavimentacao-da-mt-010-abre-nova-rota-entre-alta-floresta-e-a-br-163\">Fonte da Noticia <\/a><\/p>\n","protected":false},"excerpt":{"rendered":"<p>A pavimenta\u00e7\u00e3o da MT-010 entre Alta Floresta e o distrito de Colorado do Norte, em Nova Cana\u00e3 do Norte, entrou em uma nova etapa com a autoriza\u00e7\u00e3o para licita\u00e7\u00e3o do trecho. O deputado estadual Ondanir Bortolini \u2013 Nininho (Republicanos) esteve no trecho de 76 quil\u00f4metros da rodovia que dever\u00e1 ser pavimentado a partir do entroncamento [&hellip;]<\/p>\n","protected":false},"author":1,"featured_media":21445,"comment_status":"closed","ping_status":"closed","sticky":false,"template":"","format":"standard","meta":[],"categories":[1],"tags":[],"_links":{"self":[{"href":"https:\/\/ligana104.com.br\/2021\/wp-json\/wp\/v2\/posts\/21444"}],"collection":[{"href":"https:\/\/ligana104.com.br\/2021\/wp-json\/wp\/v2\/posts"}],"about":[{"href":"https:\/\/ligana104.com.br\/2021\/wp-json\/wp\/v2\/types\/post"}],"author":[{"embeddable":true,"href":"https:\/\/ligana104.com.br\/2021\/wp-json\/wp\/v2\/users\/1"}],"replies":[{"embeddable":true,"href":"https:\/\/ligana104.com.br\/2021\/wp-json\/wp\/v2\/comments?post=21444"}],"version-history":[{"count":1,"href":"https:\/\/ligana104.com.br\/2021\/wp-json\/wp\/v2\/posts\/21444\/revisions"}],"predecessor-version":[{"id":21446,"href":"https:\/\/ligana104.com.br\/2021\/wp-json\/wp\/v2\/posts\/21444\/revisions\/21446"}],"wp:featuredmedia":[{"embeddable":true,"href":"https:\/\/ligana104.com.br\/2021\/wp-json\/wp\/v2\/media\/21445"}],"wp:attachment":[{"href":"https:\/\/ligana104.com.br\/2021\/wp-json\/wp\/v2\/media?parent=21444"}],"wp:term":[{"taxonomy":"category","embeddable":true,"href":"https:\/\/ligana104.com.br\/2021\/wp-json\/wp\/v2\/categories?post=21444"},{"taxonomy":"post_tag","embeddable":true,"href":"https:\/\/ligana104.com.br\/2021\/wp-json\/wp\/v2\/tags?post=21444"}],"curies":[{"name":"wp","href":"https:\/\/api.w.org\/{rel}","templated":true}]}}