{"id":21441,"date":"2026-09-02T09:45:14","date_gmt":"2026-09-02T12:45:14","guid":{"rendered":"https:\/\/ligana104.com.br\/2021\/2026\/09\/02\/atenta-as-demandas-da-populacao-alessandra-ferreira-intensifica-agenda-nas-ruas\/"},"modified":"2026-09-02T09:45:14","modified_gmt":"2026-09-02T12:45:14","slug":"atenta-as-demandas-da-populacao-alessandra-ferreira-intensifica-agenda-nas-ruas","status":"publish","type":"post","link":"https:\/\/ligana104.com.br\/2021\/2026\/09\/02\/atenta-as-demandas-da-populacao-alessandra-ferreira-intensifica-agenda-nas-ruas\/","title":{"rendered":"Atenta \u00e0s demandas da popula\u00e7\u00e3o, Alessandra Ferreira intensifica agenda nas ruas"},"content":{"rendered":"<p> <br \/>\n<\/p>\n<div data-id=\"16dae40\" data-element_type=\"widget\" data-e-type=\"widget\" data-widget_type=\"theme-post-content.default\">\n<div class=\"elementor-widget-container\">\n<p><strong><em>Candidata a deputada estadual ampliou visitas a empresas, bairros, comunidades rurais e ind\u00edgenas<\/em><\/strong><\/p>\n<p>A campanha da candidata a deputada estadual Alessandra Ferreira (Podemos) segue a todo vapor e, nos \u00faltimos dias, intensificou a agenda de reuni\u00f5es com a popula\u00e7\u00e3o de Rondon\u00f3polis e regi\u00e3o. Os encontros acontecem em bairros, empresas, comunidades rurais e ind\u00edgenas, onde a candidata apresenta suas propostas para a Assembleia Legislativa de Mato Grosso (ALMT) e, especialmente, conhece as demandas e sugest\u00f5es dos moradores.<\/p>\n<p>Um dos encontros mais recentes ocorreu no Conjunto S\u00e3o Jos\u00e9, organizado pelo vereador Investigador Gerson, que mobilizou um grande n\u00famero de pessoas para acompanhar a reuni\u00e3o com a candidata. Alessandra aproveitou o momento para apresentar as principais bandeiras que pretende defender caso seja eleita, buscando mostrar de que forma vai utilizar o mandato para contribuir com o desenvolvimento de Rondon\u00f3polis e Mato Grosso.<\/p>\n<div class=\"g g-90\">\n<div class=\"g-single a-66\">\n<div style=\"position: relative; width: 100%;\">\n    <!-- Banner 3 --><\/p>\n<p>    <!-- Banner 4 --><\/p>\n<div id=\"banner4\" style=\"opacity: 0; transition: opacity 1s; width: 100%;\">\n        <a class=\"gofollow\" data-track=\"NjYsOTAsMSw2MA==\" href=\"https:\/\/www.instagram.com\/cdl.roo\" target=\"_blank\" rel=\"noopener\">&#13;<br \/>\n            &#13;<br \/>\n        <\/a>\n    <\/div>\n<\/div>\n<\/div>\n<\/div>\n<p><figure class=\"wp-block-image size-large\"><img loading=\"lazy\" fetchpriority=\"high\" decoding=\"async\" width=\"1024\" height=\"683\" src=\"https:\/\/rgtnews.com.br\/wp-content\/uploads\/2026\/09\/c6ce5559-1f81-47ab-a68e-8f3bbfca39f6-1024x683.jpeg\" alt=\"\" class=\"wp-image-81178\" srcset=\"https:\/\/rgtnews.com.br\/wp-content\/uploads\/2026\/09\/c6ce5559-1f81-47ab-a68e-8f3bbfca39f6-1024x683.jpeg 1024w, https:\/\/rgtnews.com.br\/wp-content\/uploads\/2026\/09\/c6ce5559-1f81-47ab-a68e-8f3bbfca39f6-300x200.jpeg 300w, https:\/\/rgtnews.com.br\/wp-content\/uploads\/2026\/09\/c6ce5559-1f81-47ab-a68e-8f3bbfca39f6-768x512.jpeg 768w, https:\/\/rgtnews.com.br\/wp-content\/uploads\/2026\/09\/c6ce5559-1f81-47ab-a68e-8f3bbfca39f6-1536x1024.jpeg 1536w, https:\/\/rgtnews.com.br\/wp-content\/uploads\/2026\/09\/c6ce5559-1f81-47ab-a68e-8f3bbfca39f6-2048x1366.jpeg 2048w, https:\/\/rgtnews.com.br\/wp-content\/uploads\/2026\/09\/c6ce5559-1f81-47ab-a68e-8f3bbfca39f6-1200x800.jpeg 1200w\" sizes=\"(max-width: 1024px) 100vw, 1024px\"\/><\/figure>\n<\/p>\n<p>No encontro, a candidata foi surpreendida por muitos idosos que foram atendidos quando ela estava \u00e0 frente da Secretaria de Promo\u00e7\u00e3o e Assist\u00eancia Social do munic\u00edpio. \u201cIsso mostra que o trabalho que fizemos em pouco mais de um ano marcou essas pessoas, e para mim nada \u00e9 mais importante do que isso. Podem ter certeza de que essa tamb\u00e9m ser\u00e1 uma das pautas que vou levar comigo, garantir qualidade de vida para nossa popula\u00e7\u00e3o que tanto trabalhou e hoje merece curtir seu descanso com dignidade\u201d, afirmou Alessandra.<\/p>\n<p>O nome de Alessandra Ferreira cresce a cada dia e o apoio recebido tem motivado ainda mais a candidata, mesmo diante de ataques recebidos. Ap\u00f3s um fim de semana com v\u00e1rios registros, o an\u00fancio de que o caso seria levado para a pol\u00edcia n\u00e3o intimidou os advers\u00e1rios, que seguiram arrancando as placas da candidata fixadas em resid\u00eancias de apoiadores.<\/p>\n<p> \u201cN\u00f3s n\u00e3o vamos desanimar. Vamos seguir nos reunindo com a popula\u00e7\u00e3o, conversando e mostrando que a mudan\u00e7a que acontece em Rondon\u00f3polis tamb\u00e9m pode ser levada para o estado\u201d, completou a candidata.<br \/>\n<!-- H&aacute; banners, eles s&atilde;o deficientes ou nenhum qualificado para este local! --><\/p>\n<\/p><\/div><\/div>\n<p><script async src=\"\/\/www.instagram.com\/embed.js\"><\/script><br \/>\n<br \/><br \/>\n<br \/><a href=\"https:\/\/rgtnews.com.br\/destaque\/atenta-as-demandas-da-populacao-alessandra-ferreira-intensifica-agenda-nas-ruas\/?utm_source=rss&#038;utm_medium=rss&#038;utm_campaign=atenta-as-demandas-da-populacao-alessandra-ferreira-intensifica-agenda-nas-ruas\">Fonte da Noticia <\/a><\/p>\n","protected":false},"excerpt":{"rendered":"<p>Candidata a deputada estadual ampliou visitas a empresas, bairros, comunidades rurais e ind\u00edgenas A campanha da candidata a deputada estadual Alessandra Ferreira (Podemos) segue a todo vapor e, nos \u00faltimos dias, intensificou a agenda de reuni\u00f5es com a popula\u00e7\u00e3o de Rondon\u00f3polis e regi\u00e3o. Os encontros acontecem em bairros, empresas, comunidades rurais e ind\u00edgenas, onde a [&hellip;]<\/p>\n","protected":false},"author":1,"featured_media":21442,"comment_status":"closed","ping_status":"closed","sticky":false,"template":"","format":"standard","meta":[],"categories":[1],"tags":[],"_links":{"self":[{"href":"https:\/\/ligana104.com.br\/2021\/wp-json\/wp\/v2\/posts\/21441"}],"collection":[{"href":"https:\/\/ligana104.com.br\/2021\/wp-json\/wp\/v2\/posts"}],"about":[{"href":"https:\/\/ligana104.com.br\/2021\/wp-json\/wp\/v2\/types\/post"}],"author":[{"embeddable":true,"href":"https:\/\/ligana104.com.br\/2021\/wp-json\/wp\/v2\/users\/1"}],"replies":[{"embeddable":true,"href":"https:\/\/ligana104.com.br\/2021\/wp-json\/wp\/v2\/comments?post=21441"}],"version-history":[{"count":1,"href":"https:\/\/ligana104.com.br\/2021\/wp-json\/wp\/v2\/posts\/21441\/revisions"}],"predecessor-version":[{"id":21443,"href":"https:\/\/ligana104.com.br\/2021\/wp-json\/wp\/v2\/posts\/21441\/revisions\/21443"}],"wp:featuredmedia":[{"embeddable":true,"href":"https:\/\/ligana104.com.br\/2021\/wp-json\/wp\/v2\/media\/21442"}],"wp:attachment":[{"href":"https:\/\/ligana104.com.br\/2021\/wp-json\/wp\/v2\/media?parent=21441"}],"wp:term":[{"taxonomy":"category","embeddable":true,"href":"https:\/\/ligana104.com.br\/2021\/wp-json\/wp\/v2\/categories?post=21441"},{"taxonomy":"post_tag","embeddable":true,"href":"https:\/\/ligana104.com.br\/2021\/wp-json\/wp\/v2\/tags?post=21441"}],"curies":[{"name":"wp","href":"https:\/\/api.w.org\/{rel}","templated":true}]}}