{"id":21435,"date":"2026-09-02T01:05:14","date_gmt":"2026-09-02T04:05:14","guid":{"rendered":"https:\/\/ligana104.com.br\/2021\/2026\/09\/02\/tre-mt-mantem-medeiros-com-mais-tempo-de-tv-que-janaina\/"},"modified":"2026-09-02T01:05:15","modified_gmt":"2026-09-02T04:05:15","slug":"tre-mt-mantem-medeiros-com-mais-tempo-de-tv-que-janaina","status":"publish","type":"post","link":"https:\/\/ligana104.com.br\/2021\/2026\/09\/02\/tre-mt-mantem-medeiros-com-mais-tempo-de-tv-que-janaina\/","title":{"rendered":"TRE-MT mant\u00e9m Medeiros com mais tempo de TV que Janaina"},"content":{"rendered":"<p> <br \/>\n<\/p>\n<div>\n<p><strong><em>TRE rejeita novo recurso da candidata do MDB e garante tempo exclusivo do PL a Medeiros<\/em><\/strong><\/p>\n<p>Pela segunda vez consecutiva, a Justi\u00e7a Eleitoral barrou a tentativa da candidata Janaina Riva (MDB) de retirar parte do tempo de r\u00e1dio e televis\u00e3o do deputado federal e candidato a senador Z\u00e9 Medeiros (PL). Em decis\u00e3o proferida em mandado de seguran\u00e7a, o juiz-membro do Tribunal Regional Eleitoral de Mato Grosso (TRE-MT), Eduardo Calmon de Almeida C\u00e9zar, indeferiu o pedido de liminar e manteve a divis\u00e3o favor\u00e1vel a Medeiros.<\/p>\n<p>No novo rev\u00e9s, o Juiz Calmon manteve a distribui\u00e7\u00e3o, seguindo a delibera\u00e7\u00e3o formal da Executiva Estadual do PL que reservou integralmente a fatia da legenda ao seu candidato pr\u00f3prio, destinou a cota do MDB a Riva e dividiu de forma igualit\u00e1ria apenas os segundos remanescentes da Coliga\u00e7\u00e3o \u201cCora\u00e7\u00e3o da Gente\u201d.<\/p>\n<div class=\"g g-90\">\n<div class=\"g-single a-66\">\n<div style=\"position: relative; width: 100%;\">\n    <!-- Banner 3 --><\/p>\n<p>    <!-- Banner 4 --><\/p>\n<div id=\"banner4\" style=\"opacity: 0; transition: opacity 1s; width: 100%;\">\n        <a class=\"gofollow\" data-track=\"NjYsOTAsMSw2MA==\" href=\"https:\/\/www.instagram.com\/cdl.roo\" target=\"_blank\" rel=\"noopener\">&#13;<br \/>\n            &#13;<br \/>\n        <\/a>\n    <\/div>\n<\/div>\n<\/div>\n<\/div>\n<p>\u201cA documenta\u00e7\u00e3o juntada demonstra que, ap\u00f3s tratativas entre as campanhas, foi estabelecida provisoriamente a destina\u00e7\u00e3o de 1min12,64s para Jos\u00e9 Medeiros e 49,78s para Jana\u00edna Riva, uma distribui\u00e7\u00e3o na propor\u00e7\u00e3o aproximada de 60% a 40%, respectivamente (\u2026). Tal propor\u00e7\u00e3o reflete o crit\u00e9rio fixado pela Comiss\u00e3o Executiva Estadual do Partido Liberal, adiante examinado, que reserva parcela do tempo exclusivamente ao candidato por ele indicado.<\/p>\n<p>Janaina ingressou com o mandado de seguran\u00e7a ap\u00f3s ter o mesmo pedido rejeitado na representa\u00e7\u00e3o original pela ju\u00edza auxiliar da Propaganda Eleitoral. A parlamentar insistia na tese de que a presen\u00e7a de um homem e de uma mulher disputando o Senado na mesma coliga\u00e7\u00e3o obrigaria a Justi\u00e7a a impor uma divis\u00e3o matem\u00e1tica de 50% para cada um, sob a alega\u00e7\u00e3o de incentivo \u00e0 participa\u00e7\u00e3o feminina.<\/p>\n<p>Ao avaliar o recurso, o relator destacou que a jurisprud\u00eancia regional assegura o piso m\u00ednimo de 30% para candidaturas femininas, \u00edndice amplamente superado no acordo da coliga\u00e7\u00e3o, mas n\u00e3o determina a reparti\u00e7\u00e3o obrigat\u00f3ria pela metade em disputas majorit\u00e1rias, devendo prevalecer a cautela e a autonomia partid\u00e1ria. O magistrado ressaltou ainda que conceder a divis\u00e3o pretendida por Janaina em car\u00e1ter liminar representaria uma medida irrevers\u00edvel antes da apresenta\u00e7\u00e3o de defesa das partes atingidas.<\/p>\n<p>Em raz\u00e3o do impacto direto da a\u00e7\u00e3o sobre a campanha de Medeiros e os acordos da alian\u00e7a, o juiz determinou a intima\u00e7\u00e3o formal do candidato liberal, do diret\u00f3rio estadual do PL e da pr\u00f3pria Coliga\u00e7\u00e3o \u201cCora\u00e7\u00e3o da Gente\u201d para responderem ao processo no prazo de tr\u00eas dias.<\/p>\n<p>Ap\u00f3s as manifesta\u00e7\u00f5es e o parecer da Procuradoria Regional Eleitoral, o m\u00e9rito ser\u00e1 julgado em definitivo pelo plen\u00e1rio do TRE-MT. At\u00e9 l\u00e1, a decis\u00e3o assegura a Z\u00e9 Medeiros o maior espa\u00e7o de tela e voz no hor\u00e1rio eleitoral gratuito em Mato Grosso.<br \/>\n<!-- H&aacute; banners, eles s&atilde;o deficientes ou nenhum qualificado para este local! --><\/p>\n<\/p><\/div>\n<p><script async src=\"\/\/www.instagram.com\/embed.js\"><\/script><br \/>\n<br \/><br \/>\n<br \/><a href=\"https:\/\/rgtnews.com.br\/noticias\/politica\/tre-mt-mantem-medeiros-com-mais-tempo-de-tv-que-janaina\/?utm_source=rss&#038;utm_medium=rss&#038;utm_campaign=tre-mt-mantem-medeiros-com-mais-tempo-de-tv-que-janaina\">Fonte da Noticia <\/a><\/p>\n","protected":false},"excerpt":{"rendered":"<p>TRE rejeita novo recurso da candidata do MDB e garante tempo exclusivo do PL a Medeiros Pela segunda vez consecutiva, a Justi\u00e7a Eleitoral barrou a tentativa da candidata Janaina Riva (MDB) de retirar parte do tempo de r\u00e1dio e televis\u00e3o do deputado federal e candidato a senador Z\u00e9 Medeiros (PL). Em decis\u00e3o proferida em mandado [&hellip;]<\/p>\n","protected":false},"author":1,"featured_media":21436,"comment_status":"closed","ping_status":"closed","sticky":false,"template":"","format":"standard","meta":[],"categories":[1],"tags":[],"_links":{"self":[{"href":"https:\/\/ligana104.com.br\/2021\/wp-json\/wp\/v2\/posts\/21435"}],"collection":[{"href":"https:\/\/ligana104.com.br\/2021\/wp-json\/wp\/v2\/posts"}],"about":[{"href":"https:\/\/ligana104.com.br\/2021\/wp-json\/wp\/v2\/types\/post"}],"author":[{"embeddable":true,"href":"https:\/\/ligana104.com.br\/2021\/wp-json\/wp\/v2\/users\/1"}],"replies":[{"embeddable":true,"href":"https:\/\/ligana104.com.br\/2021\/wp-json\/wp\/v2\/comments?post=21435"}],"version-history":[{"count":1,"href":"https:\/\/ligana104.com.br\/2021\/wp-json\/wp\/v2\/posts\/21435\/revisions"}],"predecessor-version":[{"id":21437,"href":"https:\/\/ligana104.com.br\/2021\/wp-json\/wp\/v2\/posts\/21435\/revisions\/21437"}],"wp:featuredmedia":[{"embeddable":true,"href":"https:\/\/ligana104.com.br\/2021\/wp-json\/wp\/v2\/media\/21436"}],"wp:attachment":[{"href":"https:\/\/ligana104.com.br\/2021\/wp-json\/wp\/v2\/media?parent=21435"}],"wp:term":[{"taxonomy":"category","embeddable":true,"href":"https:\/\/ligana104.com.br\/2021\/wp-json\/wp\/v2\/categories?post=21435"},{"taxonomy":"post_tag","embeddable":true,"href":"https:\/\/ligana104.com.br\/2021\/wp-json\/wp\/v2\/tags?post=21435"}],"curies":[{"name":"wp","href":"https:\/\/api.w.org\/{rel}","templated":true}]}}