{"id":21433,"date":"2026-09-02T00:00:15","date_gmt":"2026-09-02T03:00:15","guid":{"rendered":"https:\/\/ligana104.com.br\/2021\/2026\/09\/02\/oposicao-avalia-obstruir-trabalhos-por-pedido-de-impeachment-contra-moraes\/"},"modified":"2026-09-02T00:00:16","modified_gmt":"2026-09-02T03:00:16","slug":"oposicao-avalia-obstruir-trabalhos-por-pedido-de-impeachment-contra-moraes","status":"publish","type":"post","link":"https:\/\/ligana104.com.br\/2021\/2026\/09\/02\/oposicao-avalia-obstruir-trabalhos-por-pedido-de-impeachment-contra-moraes\/","title":{"rendered":"Oposi\u00e7\u00e3o avalia obstruir trabalhos por pedido de impeachment contra Moraes"},"content":{"rendered":"<p> <br \/>\n<\/p>\n<div>\n<p>Integrantes da oposi\u00e7\u00e3o no Senado Federal avaliam obstruir os trabalhos da Casa Alta para pressionar pelo avan\u00e7o do pedido de impeachment contra o ministro do\u00a0Supremo Tribunal Federal\u00a0Alexandre de Moraes.<\/p>\n<p>O senador Carlos Viana (PSD-MG)\u00a0anunciou, nesta ter\u00e7a-feira (1\u00ba\/9), ter protocolado um novo pedido de impeachment contra Moraes no Senado, al\u00e9m de um requerimento para que o ministro seja ouvido em audi\u00eancia na Casa.<\/p>\n<p>As iniciativas foram apresentadas ap\u00f3s o ministro Andr\u00e9 Mendon\u00e7a tornar p\u00fablicos detalhes da investiga\u00e7\u00e3o da Pol\u00edcia Federal que apura a rela\u00e7\u00e3o entre Moraes e Daniel Vorcaro, dono do Banco Master. O material re\u00fane mensagens e outros registros extra\u00eddos do celular do banqueiro.<\/p>\n<div class=\"g g-90\">\n<div class=\"g-single a-66\">\n<div style=\"position: relative; width: 100%;\">\n    <!-- Banner 3 --><\/p>\n<p>    <!-- Banner 4 --><\/p>\n<div id=\"banner4\" style=\"opacity: 0; transition: opacity 1s; width: 100%;\">\n        <a class=\"gofollow\" data-track=\"NjYsOTAsMSw2MA==\" href=\"https:\/\/www.instagram.com\/cdl.roo\" target=\"_blank\" rel=\"noopener\">&#13;<br \/>\n            &#13;<br \/>\n        <\/a>\n    <\/div>\n<\/div>\n<\/div>\n<\/div>\n<p>Diante da decis\u00e3o de Mendon\u00e7a, parlamentares da oposi\u00e7\u00e3o passaram a discutir uma rea\u00e7\u00e3o no Senado. A senadora Damares Alves (PL-DF), por exemplo, defende o esvaziamento das sess\u00f5es da Casa, inclusive da Comiss\u00e3o de Constitui\u00e7\u00e3o e Justi\u00e7a (CCJ), que tem mat\u00e9rias importantes previstas em sua pauta, como a proposta que prev\u00ea o fim da escala de trabalho 6\u00d71.<\/p>\n<p>A estrat\u00e9gia ainda est\u00e1 em discuss\u00e3o entre os parlamentares e pode incluir outras medidas para dificultar o andamento das vota\u00e7\u00f5es e da pauta do Senado. A inten\u00e7\u00e3o \u00e9 pressionar o presidente da Casa, Davi Alcolumbre, a dar andamento aos pedidos de impeachment apresentados contra ministros do STF.<\/p>\n<p><strong>O pedido<\/strong><\/p>\n<p>Ao defender a iniciativa, Carlos Viana afirmou que o Senado n\u00e3o pode continuar, segundo ele, \u201comisso\u201d diante dos pedidos de impeachment contra ministros do STF. O senador criticou a postura de Alcolumbre e disse que cabe \u00e0 Casa promover uma investiga\u00e7\u00e3o que considere s\u00e9ria, transparente e firme.<\/p>\n<blockquote class=\"wp-block-quote is-layout-flow wp-block-quote-is-layout-flow\">\n<p>\u201cHoje o Senado n\u00e3o pode mais ficar omisso. O presidente desta Casa tem feito acordos em reuni\u00f5es, tem mantido os pedidos de impeachment na gaveta, n\u00e3o tem cumprido com o papel que a popula\u00e7\u00e3o espera. O Senado \u00e9 a Casa que tem que ter altivez para trazer uma investiga\u00e7\u00e3o s\u00e9ria, transparente e firme. N\u00e3o estou pr\u00e9-condenando ningu\u00e9m, mas n\u00f3s n\u00e3o podemos mais deixar de dar respostas\u201d, afirmou.\n<\/p>\n<\/blockquote>\n<p>O material extra\u00eddo do celular de Vorcaro re\u00fane registros que permitem reconstruir parte da comunica\u00e7\u00e3o atribu\u00edda a ele com um contato salvo como \u201cAlexandre de Moraes BRASILIA\u201d. As mensagens fazem parte do conjunto de informa\u00e7\u00f5es analisado pela Pol\u00edcia Federal no \u00e2mbito da investiga\u00e7\u00e3o sobre o Banco Master.<br \/>\n<!-- H&aacute; banners, eles s&atilde;o deficientes ou nenhum qualificado para este local! --><\/p>\n<\/p><\/div>\n<p><script async src=\"\/\/www.instagram.com\/embed.js\"><\/script><br \/>\n<br \/><br \/>\n<br \/><a href=\"https:\/\/rgtnews.com.br\/noticias\/politica\/oposicao-avalia-obstruir-trabalhos-por-pedido-de-impeachment-contra-moraes\/?utm_source=rss&#038;utm_medium=rss&#038;utm_campaign=oposicao-avalia-obstruir-trabalhos-por-pedido-de-impeachment-contra-moraes\">Fonte da Noticia <\/a><\/p>\n","protected":false},"excerpt":{"rendered":"<p>Integrantes da oposi\u00e7\u00e3o no Senado Federal avaliam obstruir os trabalhos da Casa Alta para pressionar pelo avan\u00e7o do pedido de impeachment contra o ministro do\u00a0Supremo Tribunal Federal\u00a0Alexandre de Moraes. O senador Carlos Viana (PSD-MG)\u00a0anunciou, nesta ter\u00e7a-feira (1\u00ba\/9), ter protocolado um novo pedido de impeachment contra Moraes no Senado, al\u00e9m de um requerimento para que o [&hellip;]<\/p>\n","protected":false},"author":1,"featured_media":15094,"comment_status":"closed","ping_status":"closed","sticky":false,"template":"","format":"standard","meta":[],"categories":[1],"tags":[],"_links":{"self":[{"href":"https:\/\/ligana104.com.br\/2021\/wp-json\/wp\/v2\/posts\/21433"}],"collection":[{"href":"https:\/\/ligana104.com.br\/2021\/wp-json\/wp\/v2\/posts"}],"about":[{"href":"https:\/\/ligana104.com.br\/2021\/wp-json\/wp\/v2\/types\/post"}],"author":[{"embeddable":true,"href":"https:\/\/ligana104.com.br\/2021\/wp-json\/wp\/v2\/users\/1"}],"replies":[{"embeddable":true,"href":"https:\/\/ligana104.com.br\/2021\/wp-json\/wp\/v2\/comments?post=21433"}],"version-history":[{"count":1,"href":"https:\/\/ligana104.com.br\/2021\/wp-json\/wp\/v2\/posts\/21433\/revisions"}],"predecessor-version":[{"id":21434,"href":"https:\/\/ligana104.com.br\/2021\/wp-json\/wp\/v2\/posts\/21433\/revisions\/21434"}],"wp:featuredmedia":[{"embeddable":true,"href":"https:\/\/ligana104.com.br\/2021\/wp-json\/wp\/v2\/media\/15094"}],"wp:attachment":[{"href":"https:\/\/ligana104.com.br\/2021\/wp-json\/wp\/v2\/media?parent=21433"}],"wp:term":[{"taxonomy":"category","embeddable":true,"href":"https:\/\/ligana104.com.br\/2021\/wp-json\/wp\/v2\/categories?post=21433"},{"taxonomy":"post_tag","embeddable":true,"href":"https:\/\/ligana104.com.br\/2021\/wp-json\/wp\/v2\/tags?post=21433"}],"curies":[{"name":"wp","href":"https:\/\/api.w.org\/{rel}","templated":true}]}}