{"id":21424,"date":"2026-09-01T20:45:14","date_gmt":"2026-09-01T23:45:14","guid":{"rendered":"https:\/\/ligana104.com.br\/2021\/2026\/09\/01\/medeiros-pede-prisao-de-moraes-apos-mensagens-sobre-risco-de-fuga-de-vorcaro-video\/"},"modified":"2026-09-01T20:45:16","modified_gmt":"2026-09-01T23:45:16","slug":"medeiros-pede-prisao-de-moraes-apos-mensagens-sobre-risco-de-fuga-de-vorcaro-video","status":"publish","type":"post","link":"https:\/\/ligana104.com.br\/2021\/2026\/09\/01\/medeiros-pede-prisao-de-moraes-apos-mensagens-sobre-risco-de-fuga-de-vorcaro-video\/","title":{"rendered":"Medeiros pede pris\u00e3o de Moraes ap\u00f3s mensagens sobre risco de fuga de Vorcaro; v\u00eddeo"},"content":{"rendered":"<p> <br \/>\n<\/p>\n<div>\n<p>O deputado federal e candidato ao Senado, Z\u00e9 Medeiros (PL), pediu a pris\u00e3o do ministro Alexandre de Moraes ap\u00f3s a divulga\u00e7\u00e3o de mensagens atribu\u00eddas ao magistrado e ao banqueiro Daniel Vorcaro, nas quais o empres\u00e1rio teria consultado Moraes sobre o risco de ser preso e a possibilidade de deixar o Brasil.<\/p>\n<p>Medeiros comparou o epis\u00f3dio \u00e0 pris\u00e3o do ex-senador Delc\u00eddio do Amaral, em 2015, no \u00e2mbito da Opera\u00e7\u00e3o Lava Jato, ap\u00f3s ele ser acusado de tentar ajudar o ex-diretor da Petrobras Nestor Cerver\u00f3 a fugir para impedir sua dela\u00e7\u00e3o.<\/p>\n<p>\u201cEu estava no Senado quando o ent\u00e3o Delc\u00eddio do Amaral conversou e tinha o \u00e1udio dele conversando com Cerver\u00f3 a respeito de uma poss\u00edvel fuga do Cerver\u00f3. O STF mandou prender o Delc\u00eddio do Amaral e ele foi preso\u201d, afirmou Medeiros.<\/p>\n<div class=\"g g-90\">\n<div class=\"g-single a-66\">\n<div style=\"position: relative; width: 100%;\">\n    <!-- Banner 3 --><\/p>\n<p>    <!-- Banner 4 --><\/p>\n<div id=\"banner4\" style=\"opacity: 0; transition: opacity 1s; width: 100%;\">\n        <a class=\"gofollow\" data-track=\"NjYsOTAsMSw2MA==\" href=\"https:\/\/www.instagram.com\/cdl.roo\" target=\"_blank\" rel=\"noopener\">&#13;<br \/>\n            &#13;<br \/>\n        <\/a>\n    <\/div>\n<\/div>\n<\/div>\n<\/div>\n<p>Para o deputado, se uma conversa sobre uma poss\u00edvel fuga foi suficiente para levar Delc\u00eddio \u00e0 pris\u00e3o, o mesmo crit\u00e9rio deve ser aplicado agora diante das mensagens atribu\u00eddas a Moraes e Vorcaro.<\/p>\n<p>\u201cAgora acabamos de saber que o ministro Alexandre de Moraes tinha uma conversa similar com o Vorcaro. Ent\u00e3o eu venho aqui encarecidamente pedir ao ministro Andr\u00e9 Mendon\u00e7a: o senhor precisa prender Alexandre de Moraes. Pau que bate em Chico tem que bater em Alexandre tamb\u00e9m\u201d, declarou.<\/p>\n<p>Medeiros ainda cobrou que o Supremo Tribunal Federal trate os dois epis\u00f3dios com o mesmo rigor, sem distin\u00e7\u00e3o de quem esteja envolvido.<\/p>\n<p>\u201cN\u00e3o pode existir dois pesos e duas medidas. Se o STF prendeu Delc\u00eddio por uma conversa sobre fuga, precisa ter coragem para aplicar o mesmo entendimento quando a conversa envolve um ministro da pr\u00f3pria Corte\u201d, afirmou.<\/p>\n<p>V\u00eddeo:<\/p>\n<figure class=\"wp-block-video\"><video height=\"1024\" style=\"aspect-ratio: 576 \/ 1024;\" width=\"576\" controls=\"\" src=\"https:\/\/rgtnews.com.br\/wp-content\/uploads\/2026\/09\/4de3748e-b8cd-4a4c-9246-317fdc23a421.mov\"\/><\/figure>\n<p><!-- H&aacute; banners, eles s&atilde;o deficientes ou nenhum qualificado para este local! --><\/p>\n<\/p><\/div>\n<p><script async src=\"\/\/www.instagram.com\/embed.js\"><\/script><br \/>\n<br \/><br \/>\n<br \/><a href=\"https:\/\/rgtnews.com.br\/destaque\/medeiros-pede-prisao-de-moraes-apos-mensagens-sobre-risco-de-fuga-de-vorcaro\/?utm_source=rss&#038;utm_medium=rss&#038;utm_campaign=medeiros-pede-prisao-de-moraes-apos-mensagens-sobre-risco-de-fuga-de-vorcaro\">Fonte da Noticia <\/a><\/p>\n","protected":false},"excerpt":{"rendered":"<p>O deputado federal e candidato ao Senado, Z\u00e9 Medeiros (PL), pediu a pris\u00e3o do ministro Alexandre de Moraes ap\u00f3s a divulga\u00e7\u00e3o de mensagens atribu\u00eddas ao magistrado e ao banqueiro Daniel Vorcaro, nas quais o empres\u00e1rio teria consultado Moraes sobre o risco de ser preso e a possibilidade de deixar o Brasil. Medeiros comparou o epis\u00f3dio [&hellip;]<\/p>\n","protected":false},"author":1,"featured_media":21425,"comment_status":"closed","ping_status":"closed","sticky":false,"template":"","format":"standard","meta":[],"categories":[1],"tags":[],"_links":{"self":[{"href":"https:\/\/ligana104.com.br\/2021\/wp-json\/wp\/v2\/posts\/21424"}],"collection":[{"href":"https:\/\/ligana104.com.br\/2021\/wp-json\/wp\/v2\/posts"}],"about":[{"href":"https:\/\/ligana104.com.br\/2021\/wp-json\/wp\/v2\/types\/post"}],"author":[{"embeddable":true,"href":"https:\/\/ligana104.com.br\/2021\/wp-json\/wp\/v2\/users\/1"}],"replies":[{"embeddable":true,"href":"https:\/\/ligana104.com.br\/2021\/wp-json\/wp\/v2\/comments?post=21424"}],"version-history":[{"count":1,"href":"https:\/\/ligana104.com.br\/2021\/wp-json\/wp\/v2\/posts\/21424\/revisions"}],"predecessor-version":[{"id":21426,"href":"https:\/\/ligana104.com.br\/2021\/wp-json\/wp\/v2\/posts\/21424\/revisions\/21426"}],"wp:featuredmedia":[{"embeddable":true,"href":"https:\/\/ligana104.com.br\/2021\/wp-json\/wp\/v2\/media\/21425"}],"wp:attachment":[{"href":"https:\/\/ligana104.com.br\/2021\/wp-json\/wp\/v2\/media?parent=21424"}],"wp:term":[{"taxonomy":"category","embeddable":true,"href":"https:\/\/ligana104.com.br\/2021\/wp-json\/wp\/v2\/categories?post=21424"},{"taxonomy":"post_tag","embeddable":true,"href":"https:\/\/ligana104.com.br\/2021\/wp-json\/wp\/v2\/tags?post=21424"}],"curies":[{"name":"wp","href":"https:\/\/api.w.org\/{rel}","templated":true}]}}