{"id":21418,"date":"2026-09-01T18:35:15","date_gmt":"2026-09-01T21:35:15","guid":{"rendered":"https:\/\/ligana104.com.br\/2021\/2026\/09\/01\/gestao-claudio-reforca-iluminacao-e-da-nova-vida-as-pracas-de-rondonopolis\/"},"modified":"2026-09-01T18:35:15","modified_gmt":"2026-09-01T21:35:15","slug":"gestao-claudio-reforca-iluminacao-e-da-nova-vida-as-pracas-de-rondonopolis","status":"publish","type":"post","link":"https:\/\/ligana104.com.br\/2021\/2026\/09\/01\/gestao-claudio-reforca-iluminacao-e-da-nova-vida-as-pracas-de-rondonopolis\/","title":{"rendered":"Gest\u00e3o Cl\u00e1udio refor\u00e7a ilumina\u00e7\u00e3o e d\u00e1 nova vida \u00e0s pra\u00e7as de Rondon\u00f3polis"},"content":{"rendered":"<p> <br \/>\n<\/p>\n<div>\n<p>N\u00e3o basta apenas construir pra\u00e7as, mas tamb\u00e9m garantir que a popula\u00e7\u00e3o possa us\u00e1-las plenamente. Com essa vis\u00e3o, diversas pra\u00e7as e \u00e1reas de lazer de Rondon\u00f3polis v\u00eam ganhando aten\u00e7\u00e3o especial para o uso durante a noite.<\/p>\n<p>A Prefeitura, sob a gest\u00e3o do prefeito Cl\u00e1udio Ferreira, realiza o trabalho de manuten\u00e7\u00e3o e revitaliza\u00e7\u00e3o da ilumina\u00e7\u00e3o p\u00fablica nesses espa\u00e7os.<\/p>\n<p>Somente em 2026, o Munic\u00edpio, por meio da Secretaria Municipal de Infraestrutura, j\u00e1 atendeu quase 30 pra\u00e7as e \u00e1reas de lazer com servi\u00e7os na parte el\u00e9trica, nos mais diversos bairros de Rondon\u00f3polis.<\/p>\n<div class=\"g g-90\">\n<div class=\"g-single a-66\">\n<div style=\"position: relative; width: 100%;\">\n    <!-- Banner 3 --><\/p>\n<p>    <!-- Banner 4 --><\/p>\n<div id=\"banner4\" style=\"opacity: 0; transition: opacity 1s; width: 100%;\">\n        <a class=\"gofollow\" data-track=\"NjYsOTAsMSw2MA==\" href=\"https:\/\/www.instagram.com\/cdl.roo\" target=\"_blank\" rel=\"noopener\">&#13;<br \/>\n            &#13;<br \/>\n        <\/a>\n    <\/div>\n<\/div>\n<\/div>\n<\/div>\n<p>Al\u00e9m desses atendimentos, o projeto especial de reforma da Pra\u00e7a da Saudade modernizou todo o sistema de ilumina\u00e7\u00e3o p\u00fablica do local, demonstrando como esse investimento faz a diferen\u00e7a na vida dos moradores.<\/p>\n<p>A Pra\u00e7a da Saudade, na regi\u00e3o central da cidade, sofria, at\u00e9 ent\u00e3o, com o medo e a inseguran\u00e7a provocados pela escurid\u00e3o do espa\u00e7o. O abandono era evidente e afastava os frequentadores.<\/p>\n<p>Com a revitaliza\u00e7\u00e3o da ilumina\u00e7\u00e3o p\u00fablica, a Pra\u00e7a da Saudade voltou a atrair os moradores no per\u00edodo noturno. S\u00e3o adultos fazendo caminhada, fam\u00edlias com crian\u00e7as brincando e muitas pessoas usando as quadras de esportes.<\/p>\n<p>O secret\u00e1rio municipal de Infraestrutura, Lucas Luz, observa que a gest\u00e3o tem encontrado situa\u00e7\u00f5es cr\u00edticas nas pra\u00e7as e espa\u00e7os de lazer, com problemas provocados especialmente por vandalismo e furtos.<\/p>\n<p>Em muitos casos, a reincid\u00eancia dos furtos poucos dias ap\u00f3s a manuten\u00e7\u00e3o exige que as equipes refa\u00e7am os servi\u00e7os, gerando novos gastos.<\/p>\n<p>Nos servi\u00e7os da Prefeitura, esses espa\u00e7os recebem, al\u00e9m dos reparos e trocas necess\u00e1rias, novos projetores, lumin\u00e1rias e l\u00e2mpadas de LED. Dependendo do caso, as equipes tamb\u00e9m instalam postes, garantindo mais seguran\u00e7a e melhores condi\u00e7\u00f5es de uso \u00e0 popula\u00e7\u00e3o no per\u00edodo da noite.<\/p>\n<p>\u201cO resultado logo aparece. Se n\u00e3o tem ilumina\u00e7\u00e3o, as pessoas n\u00e3o conseguem frequentar os espa\u00e7os de lazer \u00e0 noite. Com a ilumina\u00e7\u00e3o e revitaliza\u00e7\u00e3o, as pessoas passam a usar novamente esses espa\u00e7os p\u00fablicos, impactando tamb\u00e9m no entorno, com atra\u00e7\u00e3o de investimentos\u201d, avalia o secret\u00e1rio.<\/p>\n<p>O trabalho segue e vai contemplar as demais pra\u00e7as e espa\u00e7os de lazer com problemas el\u00e9tricos e de ilumina\u00e7\u00e3o.<\/p>\n<p><strong>Algumas pra\u00e7as e \u00e1reas de lazer atendidas em 2026<\/strong><\/p>\n<p>Jardim Atl\u00e2ntico, Boa Vista, Conjunto S\u00e3o Jos\u00e9, Jardim Belo Horizonte, Jos\u00e9 Sobrinho, Casario, Paulista, Jardim Eldorado, Jardim Reis, Colina Verde, Jardim Morumbi, Vila Cardoso, Vila Oper\u00e1ria, Parque Real, Santa Clara, Cidade Natal, Coophalis, Coopharondon, Vila S\u00e3o Jos\u00e9, Cophalis, Granville, S\u00edtio Farias e Centro B.<br \/>\n<!-- H&aacute; banners, eles s&atilde;o deficientes ou nenhum qualificado para este local! --><\/p>\n<\/p><\/div>\n<p><script async src=\"\/\/www.instagram.com\/embed.js\"><\/script><br \/>\n<br \/><br \/>\n<br \/><a href=\"https:\/\/rgtnews.com.br\/noticias\/politica\/gestao-claudio-reforca-iluminacao-e-da-nova-vida-as-pracas-de-rondonopolis\/?utm_source=rss&#038;utm_medium=rss&#038;utm_campaign=gestao-claudio-reforca-iluminacao-e-da-nova-vida-as-pracas-de-rondonopolis\">Fonte da Noticia <\/a><\/p>\n","protected":false},"excerpt":{"rendered":"<p>N\u00e3o basta apenas construir pra\u00e7as, mas tamb\u00e9m garantir que a popula\u00e7\u00e3o possa us\u00e1-las plenamente. Com essa vis\u00e3o, diversas pra\u00e7as e \u00e1reas de lazer de Rondon\u00f3polis v\u00eam ganhando aten\u00e7\u00e3o especial para o uso durante a noite. A Prefeitura, sob a gest\u00e3o do prefeito Cl\u00e1udio Ferreira, realiza o trabalho de manuten\u00e7\u00e3o e revitaliza\u00e7\u00e3o da ilumina\u00e7\u00e3o p\u00fablica nesses [&hellip;]<\/p>\n","protected":false},"author":1,"featured_media":21419,"comment_status":"closed","ping_status":"closed","sticky":false,"template":"","format":"standard","meta":[],"categories":[1],"tags":[],"_links":{"self":[{"href":"https:\/\/ligana104.com.br\/2021\/wp-json\/wp\/v2\/posts\/21418"}],"collection":[{"href":"https:\/\/ligana104.com.br\/2021\/wp-json\/wp\/v2\/posts"}],"about":[{"href":"https:\/\/ligana104.com.br\/2021\/wp-json\/wp\/v2\/types\/post"}],"author":[{"embeddable":true,"href":"https:\/\/ligana104.com.br\/2021\/wp-json\/wp\/v2\/users\/1"}],"replies":[{"embeddable":true,"href":"https:\/\/ligana104.com.br\/2021\/wp-json\/wp\/v2\/comments?post=21418"}],"version-history":[{"count":1,"href":"https:\/\/ligana104.com.br\/2021\/wp-json\/wp\/v2\/posts\/21418\/revisions"}],"predecessor-version":[{"id":21420,"href":"https:\/\/ligana104.com.br\/2021\/wp-json\/wp\/v2\/posts\/21418\/revisions\/21420"}],"wp:featuredmedia":[{"embeddable":true,"href":"https:\/\/ligana104.com.br\/2021\/wp-json\/wp\/v2\/media\/21419"}],"wp:attachment":[{"href":"https:\/\/ligana104.com.br\/2021\/wp-json\/wp\/v2\/media?parent=21418"}],"wp:term":[{"taxonomy":"category","embeddable":true,"href":"https:\/\/ligana104.com.br\/2021\/wp-json\/wp\/v2\/categories?post=21418"},{"taxonomy":"post_tag","embeddable":true,"href":"https:\/\/ligana104.com.br\/2021\/wp-json\/wp\/v2\/tags?post=21418"}],"curies":[{"name":"wp","href":"https:\/\/api.w.org\/{rel}","templated":true}]}}