{"id":21412,"date":"2026-09-01T16:25:15","date_gmt":"2026-09-01T19:25:15","guid":{"rendered":"https:\/\/ligana104.com.br\/2021\/2026\/09\/01\/moraes-deu-palavra-final-no-contrato-de-vorcaro-com-escritorio-da-esposa-aponta-jornal\/"},"modified":"2026-09-01T16:25:16","modified_gmt":"2026-09-01T19:25:16","slug":"moraes-deu-palavra-final-no-contrato-de-vorcaro-com-escritorio-da-esposa-aponta-jornal","status":"publish","type":"post","link":"https:\/\/ligana104.com.br\/2021\/2026\/09\/01\/moraes-deu-palavra-final-no-contrato-de-vorcaro-com-escritorio-da-esposa-aponta-jornal\/","title":{"rendered":"Moraes deu palavra final no contrato de Vorcaro com escrit\u00f3rio da esposa, aponta jornal"},"content":{"rendered":"<p> <br \/>\n<\/p>\n<div data-id=\"16dae40\" data-element_type=\"widget\" data-e-type=\"widget\" data-widget_type=\"theme-post-content.default\">\n<div class=\"elementor-widget-container\">\n<p>Registros t\u00e9cnicos gravados no pr\u00f3prio arquivo do contrato \u2014 extra\u00eddo do celular de Daniel Vorcaro e obtido pelo jornal Estad\u00e3o \u2014 indicam que o ministro Alexandre de Moraes foi o respons\u00e1vel pelas \u00faltimas altera\u00e7\u00f5es no documento de R$131 milh\u00f5es firmado entre o escrit\u00f3rio de sua mulher, Viviane Barci de Moraes, e o ent\u00e3o dono do Banco Master.<\/p>\n<p>O perfil do Microsoft Office 365 identificado como \u201cMinistro Alexandre de Moraes\u201d aparece como o \u00faltimo a editar o arquivo \u00e0s 23h04 de 15 de janeiro de 2024. A altera\u00e7\u00e3o ocorreu cerca de 1 hora e 40 minutos depois de Vorcaro devolver a minuta a Viviane pelo WhatsApp, com a mensagem pedindo confer\u00eancia da cl\u00e1usula inclu\u00edda e combinando a assinatura. Dois dias depois, em 17 de janeiro, Viviane encaminhou essa vers\u00e3o final ao banqueiro.<\/p>\n<p>Na aba \u201cPropriedades\u201d do documento (Office 365), constam autor, datas e hor\u00e1rios das modifica\u00e7\u00f5es. O autor original registrado \u00e9 Guilherme de Toledo Benazzi, administrador do escrit\u00f3rio Barci de Moraes. O perfil atribu\u00eddo ao ministro fez a \u00faltima edi\u00e7\u00e3o na vers\u00e3o que depois foi enviada.<\/p>\n<div class=\"g g-90\">\n<div class=\"g-single a-66\">\n<div style=\"position: relative; width: 100%;\">\n    <!-- Banner 3 --><\/p>\n<p>    <!-- Banner 4 --><\/p>\n<div id=\"banner4\" style=\"opacity: 0; transition: opacity 1s; width: 100%;\">\n        <a class=\"gofollow\" data-track=\"NjYsOTAsMSw2MA==\" href=\"https:\/\/www.instagram.com\/cdl.roo\" target=\"_blank\" rel=\"noopener\">&#13;<br \/>\n            &#13;<br \/>\n        <\/a>\n    <\/div>\n<\/div>\n<\/div>\n<\/div>\n<p>O contrato previa 36 parcelas mensais de R$ 3 milh\u00f5es l\u00edquidos (R$ 3.646.529,77 brutos cada, livres de impostos), totalizando R$ 108 milh\u00f5es l\u00edquidos ou R$ 131.274.351,72 brutos. Os pagamentos foram interrompidos ap\u00f3s a pris\u00e3o de Vorcaro e a liquida\u00e7\u00e3o do banco.<\/p>\n<p>O escrit\u00f3rio de Viviane confirmou que o ministro acessou o documento. Segundo a nota, o setor de compliance \u201cconsultou\u201d Moraes, na condi\u00e7\u00e3o de marido da s\u00f3cia diretora, sobre eventuais impedimentos legais \u2014 como a\u00e7\u00f5es no STF sob sua relatoria ou julgamentos de interesse do cliente. A banca afirma que, \u201cdiante da inexist\u00eancia de previs\u00e3o de atua\u00e7\u00e3o no STF ou de qualquer impedimento legal\u201d, o contrato foi assinado e os servi\u00e7os prestados. Moraes e Viviane reconhecem o acesso, mas negam irregularidades.<\/p>\n<p>A prova material n\u00e3o \u00e9 apenas o relato das partes: s\u00e3o os metadados embutidos no arquivo enviado por WhatsApp, que registram o perfil, a data e a hora da \u00faltima edi\u00e7\u00e3o atribu\u00edda ao ministro.<br \/>\n<!-- H&aacute; banners, eles s&atilde;o deficientes ou nenhum qualificado para este local! --><\/p>\n<\/p><\/div><\/div>\n<p><script async src=\"\/\/www.instagram.com\/embed.js\"><\/script><br \/>\n<br \/><br \/>\n<br \/><a href=\"https:\/\/rgtnews.com.br\/noticias\/politica\/moraes-deu-palavra-final-no-contrato-de-vorcaro-com-escritorio-da-esposa-aponta-jornal\/?utm_source=rss&#038;utm_medium=rss&#038;utm_campaign=moraes-deu-palavra-final-no-contrato-de-vorcaro-com-escritorio-da-esposa-aponta-jornal\">Fonte da Noticia <\/a><\/p>\n","protected":false},"excerpt":{"rendered":"<p>Registros t\u00e9cnicos gravados no pr\u00f3prio arquivo do contrato \u2014 extra\u00eddo do celular de Daniel Vorcaro e obtido pelo jornal Estad\u00e3o \u2014 indicam que o ministro Alexandre de Moraes foi o respons\u00e1vel pelas \u00faltimas altera\u00e7\u00f5es no documento de R$131 milh\u00f5es firmado entre o escrit\u00f3rio de sua mulher, Viviane Barci de Moraes, e o ent\u00e3o dono do [&hellip;]<\/p>\n","protected":false},"author":1,"featured_media":21413,"comment_status":"closed","ping_status":"closed","sticky":false,"template":"","format":"standard","meta":[],"categories":[1],"tags":[],"_links":{"self":[{"href":"https:\/\/ligana104.com.br\/2021\/wp-json\/wp\/v2\/posts\/21412"}],"collection":[{"href":"https:\/\/ligana104.com.br\/2021\/wp-json\/wp\/v2\/posts"}],"about":[{"href":"https:\/\/ligana104.com.br\/2021\/wp-json\/wp\/v2\/types\/post"}],"author":[{"embeddable":true,"href":"https:\/\/ligana104.com.br\/2021\/wp-json\/wp\/v2\/users\/1"}],"replies":[{"embeddable":true,"href":"https:\/\/ligana104.com.br\/2021\/wp-json\/wp\/v2\/comments?post=21412"}],"version-history":[{"count":1,"href":"https:\/\/ligana104.com.br\/2021\/wp-json\/wp\/v2\/posts\/21412\/revisions"}],"predecessor-version":[{"id":21414,"href":"https:\/\/ligana104.com.br\/2021\/wp-json\/wp\/v2\/posts\/21412\/revisions\/21414"}],"wp:featuredmedia":[{"embeddable":true,"href":"https:\/\/ligana104.com.br\/2021\/wp-json\/wp\/v2\/media\/21413"}],"wp:attachment":[{"href":"https:\/\/ligana104.com.br\/2021\/wp-json\/wp\/v2\/media?parent=21412"}],"wp:term":[{"taxonomy":"category","embeddable":true,"href":"https:\/\/ligana104.com.br\/2021\/wp-json\/wp\/v2\/categories?post=21412"},{"taxonomy":"post_tag","embeddable":true,"href":"https:\/\/ligana104.com.br\/2021\/wp-json\/wp\/v2\/tags?post=21412"}],"curies":[{"name":"wp","href":"https:\/\/api.w.org\/{rel}","templated":true}]}}