{"id":21406,"date":"2026-09-01T14:15:14","date_gmt":"2026-09-01T17:15:14","guid":{"rendered":"https:\/\/ligana104.com.br\/2021\/2026\/09\/01\/flavio-bolsonaro-pede-renuncia-de-moraes-apos-revelacoes-sobre-supostas-mensagens-com-vorcaro\/"},"modified":"2026-09-01T14:15:16","modified_gmt":"2026-09-01T17:15:16","slug":"flavio-bolsonaro-pede-renuncia-de-moraes-apos-revelacoes-sobre-supostas-mensagens-com-vorcaro","status":"publish","type":"post","link":"https:\/\/ligana104.com.br\/2021\/2026\/09\/01\/flavio-bolsonaro-pede-renuncia-de-moraes-apos-revelacoes-sobre-supostas-mensagens-com-vorcaro\/","title":{"rendered":"Fl\u00e1vio Bolsonaro pede ren\u00fancia de Moraes ap\u00f3s revela\u00e7\u00f5es sobre supostas mensagens com Vorcaro"},"content":{"rendered":"<p> <br \/>\n<\/p>\n<div>\n<p>O candidato do PL \u00e0 Presid\u00eancia da Rep\u00fablica, senador Fl\u00e1vio Bolsonaro, defendeu nesta ter\u00e7a-feira (1\u00ba) a ren\u00fancia do ministro Alexandre de Moraes, do Supremo Tribunal Federal (STF), ap\u00f3s a divulga\u00e7\u00e3o de novas informa\u00e7\u00f5es envolvendo supostas mensagens entre o magistrado e Daniel Vorcaro, dono do Banco Master.<\/p>\n<p>As declara\u00e7\u00f5es ocorreram depois da revela\u00e7\u00e3o de que o ministro Andr\u00e9 Mendon\u00e7a encaminhou \u00e0 Procuradoria-Geral da Rep\u00fablica (PGR) um relat\u00f3rio da Pol\u00edcia Federal com dados extra\u00eddos do celular de Vorcaro.<\/p>\n<p>O material re\u00fane mensagens atribu\u00eddas ao banqueiro. Em uma delas, Vorcaro teria indicado que precisava da prote\u00e7\u00e3o de pessoas identificadas como \u201cPaulo\u201d e \u201cAndrei\u201d. Investigadores apontam que o destinat\u00e1rio seria Alexandre de Moraes e que os nomes fariam refer\u00eancia ao procurador-geral da Rep\u00fablica, Paulo Gonet, e ao diretor-geral da Pol\u00edcia Federal, Andrei Rodrigues.<\/p>\n<div class=\"g g-90\">\n<div class=\"g-single a-66\">\n<div style=\"position: relative; width: 100%;\">\n    <!-- Banner 3 --><\/p>\n<p>    <!-- Banner 4 --><\/p>\n<div id=\"banner4\" style=\"opacity: 0; transition: opacity 1s; width: 100%;\">\n        <a class=\"gofollow\" data-track=\"NjYsOTAsMSw2MA==\" href=\"https:\/\/www.instagram.com\/cdl.roo\" target=\"_blank\" rel=\"noopener\">&#13;<br \/>\n            &#13;<br \/>\n        <\/a>\n    <\/div>\n<\/div>\n<\/div>\n<\/div>\n<p>Na chegada ao Congresso Nacional nesta ter\u00e7a-feira, Fl\u00e1vio Bolsonaro reagiu \u00e0s revela\u00e7\u00f5es e afirmou que o conte\u00fado levantado at\u00e9 agora indicaria uma rela\u00e7\u00e3o que precisa ser esclarecida.<\/p>\n<p>Segundo o senador, Moraes seria, \u201cde fato, o advogado do Vorcaro\u201d. Fl\u00e1vio tamb\u00e9m afirmou que as mensagens sugeririam uma suposta prote\u00e7\u00e3o envolvendo o ministro, integrantes da PGR e o comando da Pol\u00edcia Federal.<\/p>\n<p>\u201cIsso \u00e9 uma coisa muito grave. Eu acho que o Alexandre de Moraes tinha que renunciar ao Supremo Tribunal Federal. N\u00e3o tem a menor condi\u00e7\u00e3o de ele continuar sendo ministro do Supremo\u201d, declarou Fl\u00e1vio.<\/p>\n<p>O candidato \u00e0 Presid\u00eancia tamb\u00e9m citou o contrato firmado entre o Banco Master e o escrit\u00f3rio de advocacia comandado por Viviane Barci, esposa de Alexandre de Moraes. O acordo, firmado em janeiro de 2024, previa pagamentos mensais de R$ 3,6 milh\u00f5es pela institui\u00e7\u00e3o financeira.<\/p>\n<p>Fl\u00e1vio afirmou ainda que Moraes teria participado da elabora\u00e7\u00e3o do documento envolvendo o escrit\u00f3rio da esposa e o banco de Vorcaro.<\/p>\n<p>\u201cUm integrante da mais alta Corte, do Supremo, ele pr\u00f3prio redigindo o contrato da esposa dele para devolver para o Vorcaro. Quer dizer, tudo indica, inclusive sugere que \u00e9 uma prote\u00e7\u00e3o do pr\u00f3prio Alexandre de Moraes\u201d, afirmou.<\/p>\n<p>Para o senador, as informa\u00e7\u00f5es divulgadas exigem novos esclarecimentos por parte do ministro do STF.<\/p>\n<p>\u201cIsso \u00e9 uma completa distor\u00e7\u00e3o do devido processo legal. Isso \u00e9 uma completa distor\u00e7\u00e3o das garantias institucionais que um membro da mais alta corte, do Supremo, deveria exercer. Tem que dar muito esclarecimento, isso \u00e9 muito grave\u201d, completou.<\/p>\n<p>As suspeitas envolvendo as mensagens e a interpreta\u00e7\u00e3o sobre o conte\u00fado do material fazem parte das informa\u00e7\u00f5es levantadas na investiga\u00e7\u00e3o e das acusa\u00e7\u00f5es feitas por Fl\u00e1vio Bolsonaro, n\u00e3o representando, por si s\u00f3, comprova\u00e7\u00e3o das condutas atribu\u00eddas ao ministro.<br \/>\n<!-- H&aacute; banners, eles s&atilde;o deficientes ou nenhum qualificado para este local! --><\/p>\n<\/p><\/div>\n<p><script async src=\"\/\/www.instagram.com\/embed.js\"><\/script><br \/>\n<br \/><br \/>\n<br \/><a href=\"https:\/\/rgtnews.com.br\/noticias\/politica\/flavio-bolsonaro-pede-renuncia-de-moraes-apos-revelacoes-sobre-supostas-mensagens-com-vorcaro\/?utm_source=rss&#038;utm_medium=rss&#038;utm_campaign=flavio-bolsonaro-pede-renuncia-de-moraes-apos-revelacoes-sobre-supostas-mensagens-com-vorcaro\">Fonte da Noticia <\/a><\/p>\n","protected":false},"excerpt":{"rendered":"<p>O candidato do PL \u00e0 Presid\u00eancia da Rep\u00fablica, senador Fl\u00e1vio Bolsonaro, defendeu nesta ter\u00e7a-feira (1\u00ba) a ren\u00fancia do ministro Alexandre de Moraes, do Supremo Tribunal Federal (STF), ap\u00f3s a divulga\u00e7\u00e3o de novas informa\u00e7\u00f5es envolvendo supostas mensagens entre o magistrado e Daniel Vorcaro, dono do Banco Master. As declara\u00e7\u00f5es ocorreram depois da revela\u00e7\u00e3o de que o [&hellip;]<\/p>\n","protected":false},"author":1,"featured_media":21407,"comment_status":"closed","ping_status":"closed","sticky":false,"template":"","format":"standard","meta":[],"categories":[1],"tags":[],"_links":{"self":[{"href":"https:\/\/ligana104.com.br\/2021\/wp-json\/wp\/v2\/posts\/21406"}],"collection":[{"href":"https:\/\/ligana104.com.br\/2021\/wp-json\/wp\/v2\/posts"}],"about":[{"href":"https:\/\/ligana104.com.br\/2021\/wp-json\/wp\/v2\/types\/post"}],"author":[{"embeddable":true,"href":"https:\/\/ligana104.com.br\/2021\/wp-json\/wp\/v2\/users\/1"}],"replies":[{"embeddable":true,"href":"https:\/\/ligana104.com.br\/2021\/wp-json\/wp\/v2\/comments?post=21406"}],"version-history":[{"count":1,"href":"https:\/\/ligana104.com.br\/2021\/wp-json\/wp\/v2\/posts\/21406\/revisions"}],"predecessor-version":[{"id":21408,"href":"https:\/\/ligana104.com.br\/2021\/wp-json\/wp\/v2\/posts\/21406\/revisions\/21408"}],"wp:featuredmedia":[{"embeddable":true,"href":"https:\/\/ligana104.com.br\/2021\/wp-json\/wp\/v2\/media\/21407"}],"wp:attachment":[{"href":"https:\/\/ligana104.com.br\/2021\/wp-json\/wp\/v2\/media?parent=21406"}],"wp:term":[{"taxonomy":"category","embeddable":true,"href":"https:\/\/ligana104.com.br\/2021\/wp-json\/wp\/v2\/categories?post=21406"},{"taxonomy":"post_tag","embeddable":true,"href":"https:\/\/ligana104.com.br\/2021\/wp-json\/wp\/v2\/tags?post=21406"}],"curies":[{"name":"wp","href":"https:\/\/api.w.org\/{rel}","templated":true}]}}