{"id":21388,"date":"2026-09-01T02:20:16","date_gmt":"2026-09-01T05:20:16","guid":{"rendered":"https:\/\/ligana104.com.br\/2021\/2026\/09\/01\/videos-mostram-carreta-sendo-destruida-pelas-chamas-na-mt-270-entre-rondonopolis-e-sao-lourenco-de-fatima\/"},"modified":"2026-09-01T02:20:17","modified_gmt":"2026-09-01T05:20:17","slug":"videos-mostram-carreta-sendo-destruida-pelas-chamas-na-mt-270-entre-rondonopolis-e-sao-lourenco-de-fatima","status":"publish","type":"post","link":"https:\/\/ligana104.com.br\/2021\/2026\/09\/01\/videos-mostram-carreta-sendo-destruida-pelas-chamas-na-mt-270-entre-rondonopolis-e-sao-lourenco-de-fatima\/","title":{"rendered":"V\u00eddeos mostram carreta sendo destru\u00edda pelas chamas na MT-270, entre Rondon\u00f3polis e S\u00e3o Louren\u00e7o de F\u00e1tima"},"content":{"rendered":"<p> <br \/>\n<\/p>\n<div>\n<p>V\u00eddeos registrados por pessoas que passavam pela MT-270 mostram uma carreta sendo consumida pelas chamas na rodovia, entre Rondon\u00f3polis e o distrito de S\u00e3o Louren\u00e7o de F\u00e1tima, em Mato Grosso. O incidente ocorreu ma tarde desta segunda-feira (31).<\/p>\n<p>As imagens mostram o ve\u00edculo completamente tomado pelo fogo. Segundo as primeiras informa\u00e7\u00f5es, a carreta estava carregada com algod\u00e3o e pertence ao Grupo Bom Jesus, de Rondon\u00f3polis.<\/p>\n<p>Ap\u00f3s ser acionado, o Corpo de Bombeiros esteve no local para combater o inc\u00eandio e realizar o controle das chamas. O motorista conseguiu sair do ve\u00edculo e n\u00e3o ficou ferido.<\/p>\n<div class=\"g g-90\">\n<div class=\"g-single a-66\">\n<div style=\"position: relative; width: 100%;\">\n    <!-- Banner 3 --><\/p>\n<p>    <!-- Banner 4 --><\/p>\n<div id=\"banner4\" style=\"opacity: 0; transition: opacity 1s; width: 100%;\">\n        <a class=\"gofollow\" data-track=\"NjYsOTAsMSw2MA==\" href=\"https:\/\/www.instagram.com\/cdl.roo\" target=\"_blank\" rel=\"noopener\">&#13;<br \/>\n            &#13;<br \/>\n        <\/a>\n    <\/div>\n<\/div>\n<\/div>\n<\/div>\n<p>As causas do inc\u00eandio ainda n\u00e3o foram informadas e dever\u00e3o ser apuradas. Mais informa\u00e7\u00f5es ser\u00e3o divulgadas assim que houver novos detalhes.<\/p>\n<p>V\u00eddeo:<\/p>\n<blockquote class=\"instagram-media\" data-instgrm-permalink=\"https:\/\/www.instagram.com\/reel\/Dct-EnpCAQG\/?utm_source=ig_embed&amp;utm_campaign=loading\" data-instgrm-version=\"14\" style=\" background:#FFF; border:0; border-radius:3px; box-shadow:0 0 1px 0 rgba(0,0,0,0.5),0 1px 10px 0 rgba(0,0,0,0.15); margin: 1px; max-width:658px; min-width:326px; padding:0; width:99.375%; width:-webkit-calc(100% - 2px); width:calc(100% - 2px);\"\/>\n<p><!-- H&aacute; banners, eles s&atilde;o deficientes ou nenhum qualificado para este local! -->\t\t\t\t<\/div>\n<p><script async src=\"\/\/www.instagram.com\/embed.js\"><\/script><br \/>\n<br \/><br \/>\n<br \/><a href=\"https:\/\/rgtnews.com.br\/destaque\/videos-mostram-carreta-sendo-destruida-pelas-chamas-na-mt-270-entre-rondonopolis-e-sao-lourenco-de-fatima\/?utm_source=rss&#038;utm_medium=rss&#038;utm_campaign=videos-mostram-carreta-sendo-destruida-pelas-chamas-na-mt-270-entre-rondonopolis-e-sao-lourenco-de-fatima\">Fonte da Noticia <\/a><\/p>\n","protected":false},"excerpt":{"rendered":"<p>V\u00eddeos registrados por pessoas que passavam pela MT-270 mostram uma carreta sendo consumida pelas chamas na rodovia, entre Rondon\u00f3polis e o distrito de S\u00e3o Louren\u00e7o de F\u00e1tima, em Mato Grosso. O incidente ocorreu ma tarde desta segunda-feira (31). As imagens mostram o ve\u00edculo completamente tomado pelo fogo. Segundo as primeiras informa\u00e7\u00f5es, a carreta estava carregada [&hellip;]<\/p>\n","protected":false},"author":1,"featured_media":21389,"comment_status":"closed","ping_status":"closed","sticky":false,"template":"","format":"standard","meta":[],"categories":[1],"tags":[],"_links":{"self":[{"href":"https:\/\/ligana104.com.br\/2021\/wp-json\/wp\/v2\/posts\/21388"}],"collection":[{"href":"https:\/\/ligana104.com.br\/2021\/wp-json\/wp\/v2\/posts"}],"about":[{"href":"https:\/\/ligana104.com.br\/2021\/wp-json\/wp\/v2\/types\/post"}],"author":[{"embeddable":true,"href":"https:\/\/ligana104.com.br\/2021\/wp-json\/wp\/v2\/users\/1"}],"replies":[{"embeddable":true,"href":"https:\/\/ligana104.com.br\/2021\/wp-json\/wp\/v2\/comments?post=21388"}],"version-history":[{"count":1,"href":"https:\/\/ligana104.com.br\/2021\/wp-json\/wp\/v2\/posts\/21388\/revisions"}],"predecessor-version":[{"id":21390,"href":"https:\/\/ligana104.com.br\/2021\/wp-json\/wp\/v2\/posts\/21388\/revisions\/21390"}],"wp:featuredmedia":[{"embeddable":true,"href":"https:\/\/ligana104.com.br\/2021\/wp-json\/wp\/v2\/media\/21389"}],"wp:attachment":[{"href":"https:\/\/ligana104.com.br\/2021\/wp-json\/wp\/v2\/media?parent=21388"}],"wp:term":[{"taxonomy":"category","embeddable":true,"href":"https:\/\/ligana104.com.br\/2021\/wp-json\/wp\/v2\/categories?post=21388"},{"taxonomy":"post_tag","embeddable":true,"href":"https:\/\/ligana104.com.br\/2021\/wp-json\/wp\/v2\/tags?post=21388"}],"curies":[{"name":"wp","href":"https:\/\/api.w.org\/{rel}","templated":true}]}}