{"id":21376,"date":"2026-08-31T22:00:14","date_gmt":"2026-09-01T01:00:14","guid":{"rendered":"https:\/\/ligana104.com.br\/2021\/2026\/08\/31\/flavio-bolsonaro-se-encontra-com-wellington-e-reforca-uniao-do-pl-em-mato-grosso\/"},"modified":"2026-08-31T22:00:15","modified_gmt":"2026-09-01T01:00:15","slug":"flavio-bolsonaro-se-encontra-com-wellington-e-reforca-uniao-do-pl-em-mato-grosso","status":"publish","type":"post","link":"https:\/\/ligana104.com.br\/2021\/2026\/08\/31\/flavio-bolsonaro-se-encontra-com-wellington-e-reforca-uniao-do-pl-em-mato-grosso\/","title":{"rendered":"Fl\u00e1vio Bolsonaro se encontra com Wellington e refor\u00e7a uni\u00e3o do PL em Mato Grosso"},"content":{"rendered":"<p> <br \/>\n<\/p>\n<div data-id=\"16dae40\" data-element_type=\"widget\" data-e-type=\"widget\" data-widget_type=\"theme-post-content.default\">\n<div class=\"elementor-widget-container\">\n<p>O candidato \u00e0 Presid\u00eancia da Rep\u00fablica, Fl\u00e1vio Bolsonaro (PL), se encontrou nesta segunda-feira (31), em Mato Grosso, com o candidato ao Governo do Estado, Wellington Fagundes (PL), o candidato a vice-governador Reinaldo Morais (Novo), a deputada federal Coronel Fernanda (PL) e o vereador e candidato a deputado federal Rafael Ranalli (PL). O encontro refor\u00e7ou a uni\u00e3o do grupo e o projeto do PL para as elei\u00e7\u00f5es de 2026. O presidente estadual do PL, Ananias Filho, tamb\u00e9m acompanhou a agenda.<\/p>\n<p>Durante o encontro, Wellington gravou um v\u00eddeo ao lado de Fl\u00e1vio e Reinaldo, refor\u00e7ando a composi\u00e7\u00e3o da chapa e a uni\u00e3o em torno do projeto do PL em Mato Grosso. \u201cPara isso, \u00e9 Fl\u00e1vio Bolsonaro l\u00e1, Wellington Fagundes aqui. Reinaldo! \u00c9 22!\u201d, afirmou o candidato ao Governo.<\/p>\n<p>Wellington lembrou que esteve com Jair Bolsonaro em sua passagem pelo Estado, em abril de 2024, quando o ex-presidente cumpriu agendas em Cuiab\u00e1, Diamantino e Campo Novo do Parecis. \u201cO sonho do nosso presidente Bolsonaro voc\u00ea est\u00e1 realizando aqui: mostrar que os ind\u00edgenas produzem\u201d, afirmou Wellington, ao ressaltar a import\u00e2ncia da regi\u00e3o para a produ\u00e7\u00e3o de alimentos e para o desenvolvimento dos povos ind\u00edgenas.<\/p>\n<div class=\"g g-90\">\n<div class=\"g-single a-66\">\n<div style=\"position: relative; width: 100%;\">\n    <!-- Banner 3 --><\/p>\n<p>    <!-- Banner 4 --><\/p>\n<div id=\"banner4\" style=\"opacity: 0; transition: opacity 1s; width: 100%;\">\n        <a class=\"gofollow\" data-track=\"NjYsOTAsMSw2MA==\" href=\"https:\/\/www.instagram.com\/cdl.roo\" target=\"_blank\" rel=\"noopener\">&#13;<br \/>\n            &#13;<br \/>\n        <\/a>\n    <\/div>\n<\/div>\n<\/div>\n<\/div>\n<p>Fl\u00e1vio esteve em Campo Novo do Parecis para grava\u00e7\u00e3o de material eleitoral e aproveitou para visitar uma comunidade ind\u00edgena. No v\u00eddeo, afirmou que pretende defender maior autonomia econ\u00f4mica aos povos ind\u00edgenas, permitindo atividades como agricultura, pecu\u00e1ria, turismo e explora\u00e7\u00e3o sustent\u00e1vel, respeitando as leis e a preserva\u00e7\u00e3o ambiental.<\/p>\n<p>\u201cO ind\u00edgena quer trabalhar; ele precisa ter autonomia sobre sua propriedade\u201d, declarou.<br \/>\n<!-- H&aacute; banners, eles s&atilde;o deficientes ou nenhum qualificado para este local! --><\/p>\n<\/p><\/div><\/div>\n<p><script async src=\"\/\/www.instagram.com\/embed.js\"><\/script><br \/>\n<br \/><br \/>\n<br \/><a href=\"https:\/\/rgtnews.com.br\/noticias\/politica\/flavio-bolsonaro-se-encontra-com-wellington-e-reforca-uniao-do-pl-em-mato-grosso\/?utm_source=rss&#038;utm_medium=rss&#038;utm_campaign=flavio-bolsonaro-se-encontra-com-wellington-e-reforca-uniao-do-pl-em-mato-grosso\">Fonte da Noticia <\/a><\/p>\n","protected":false},"excerpt":{"rendered":"<p>O candidato \u00e0 Presid\u00eancia da Rep\u00fablica, Fl\u00e1vio Bolsonaro (PL), se encontrou nesta segunda-feira (31), em Mato Grosso, com o candidato ao Governo do Estado, Wellington Fagundes (PL), o candidato a vice-governador Reinaldo Morais (Novo), a deputada federal Coronel Fernanda (PL) e o vereador e candidato a deputado federal Rafael Ranalli (PL). O encontro refor\u00e7ou a [&hellip;]<\/p>\n","protected":false},"author":1,"featured_media":21377,"comment_status":"closed","ping_status":"closed","sticky":false,"template":"","format":"standard","meta":[],"categories":[1],"tags":[],"_links":{"self":[{"href":"https:\/\/ligana104.com.br\/2021\/wp-json\/wp\/v2\/posts\/21376"}],"collection":[{"href":"https:\/\/ligana104.com.br\/2021\/wp-json\/wp\/v2\/posts"}],"about":[{"href":"https:\/\/ligana104.com.br\/2021\/wp-json\/wp\/v2\/types\/post"}],"author":[{"embeddable":true,"href":"https:\/\/ligana104.com.br\/2021\/wp-json\/wp\/v2\/users\/1"}],"replies":[{"embeddable":true,"href":"https:\/\/ligana104.com.br\/2021\/wp-json\/wp\/v2\/comments?post=21376"}],"version-history":[{"count":1,"href":"https:\/\/ligana104.com.br\/2021\/wp-json\/wp\/v2\/posts\/21376\/revisions"}],"predecessor-version":[{"id":21378,"href":"https:\/\/ligana104.com.br\/2021\/wp-json\/wp\/v2\/posts\/21376\/revisions\/21378"}],"wp:featuredmedia":[{"embeddable":true,"href":"https:\/\/ligana104.com.br\/2021\/wp-json\/wp\/v2\/media\/21377"}],"wp:attachment":[{"href":"https:\/\/ligana104.com.br\/2021\/wp-json\/wp\/v2\/media?parent=21376"}],"wp:term":[{"taxonomy":"category","embeddable":true,"href":"https:\/\/ligana104.com.br\/2021\/wp-json\/wp\/v2\/categories?post=21376"},{"taxonomy":"post_tag","embeddable":true,"href":"https:\/\/ligana104.com.br\/2021\/wp-json\/wp\/v2\/tags?post=21376"}],"curies":[{"name":"wp","href":"https:\/\/api.w.org\/{rel}","templated":true}]}}