{"id":21373,"date":"2026-08-31T20:55:14","date_gmt":"2026-08-31T23:55:14","guid":{"rendered":"https:\/\/ligana104.com.br\/2021\/2026\/08\/31\/caveiras-moto-festival-deve-movimentar-hoteis-comercio-e-servicos-em-rondonopolis\/"},"modified":"2026-08-31T20:55:16","modified_gmt":"2026-08-31T23:55:16","slug":"caveiras-moto-festival-deve-movimentar-hoteis-comercio-e-servicos-em-rondonopolis","status":"publish","type":"post","link":"https:\/\/ligana104.com.br\/2021\/2026\/08\/31\/caveiras-moto-festival-deve-movimentar-hoteis-comercio-e-servicos-em-rondonopolis\/","title":{"rendered":"Caveiras Moto Festival deve movimentar hot\u00e9is, com\u00e9rcio e servi\u00e7os em Rondon\u00f3polis"},"content":{"rendered":"<p> <br \/>\n<\/p>\n<div>\n<p>Mais do que reunir apaixonados por motocicletas e oferecer uma programa\u00e7\u00e3o cultural gratuita para toda a fam\u00edlia, a 10\u00aa edi\u00e7\u00e3o do Caveiras Moto Festival deve gerar uma importante movimenta\u00e7\u00e3o econ\u00f4mica em Rondon\u00f3polis. Realizado pelo Instituto Brasil, com apoio da Prefeitura de Rondon\u00f3polis, o evento acontece nos dias 4, 5 e 6 de setembro, no Parque Encontro das \u00c1guas, no fundo das Lojas G, e ter\u00e1 como atra\u00e7\u00f5es nacionais Supla, RPM e Rodox.\u00a0<\/p>\n<p>A expectativa \u00e9 de que a presen\u00e7a de milhares de motociclistas e visitantes de Rondon\u00f3polis e de outras cidades impulsione diferentes setores da economia, como hotelaria, restaurantes, postos de combust\u00edveis, oficinas, lojas especializadas em motocicletas, al\u00e9m de servi\u00e7os ligados \u00e0 montagem, alimenta\u00e7\u00e3o, limpeza e manuten\u00e7\u00e3o da estrutura do festival.\u00a0<\/p>\n<p>Para o presidente do Motoclube Caveiras do Cerrado, Anderson Luiz Val\u00e9rio, o evento j\u00e1 se consolidou no calend\u00e1rio cultural do munic\u00edpio e produz reflexos econ\u00f4micos que v\u00e3o al\u00e9m dos tr\u00eas dias de programa\u00e7\u00e3o. \u201cTodos os motociclistas que v\u00e3o ao evento levam suas motos para lavar e revisar. Isso j\u00e1 gera receita para os lava-jatos, oficinas e concession\u00e1rias. Os visitantes que v\u00eam de fora tamb\u00e9m movimentam hot\u00e9is, restaurantes e todo o com\u00e9rcio da cidade\u201d, destacou.\u00a0<\/p>\n<div class=\"g g-90\">\n<div class=\"g-single a-66\">\n<div style=\"position: relative; width: 100%;\">\n    <!-- Banner 3 --><\/p>\n<p>    <!-- Banner 4 --><\/p>\n<div id=\"banner4\" style=\"opacity: 0; transition: opacity 1s; width: 100%;\">\n        <a class=\"gofollow\" data-track=\"NjYsOTAsMSw2MA==\" href=\"https:\/\/www.instagram.com\/cdl.roo\" target=\"_blank\" rel=\"noopener\">&#13;<br \/>\n            &#13;<br \/>\n        <\/a>\n    <\/div>\n<\/div>\n<\/div>\n<\/div>\n<p>Segundo Anderson, a pr\u00f3pria realiza\u00e7\u00e3o do festival tamb\u00e9m gera oportunidades de trabalho. A montagem e desmontagem da estrutura, limpeza, manuten\u00e7\u00e3o, bares, restaurantes e pra\u00e7a de alimenta\u00e7\u00e3o envolvem a contrata\u00e7\u00e3o de diversos profissionais. \u201cS\u00f3 essa parte vai movimentar mais de 150 pessoas que v\u00e3o trabalhar e gerar sua receita durante o evento. Fora isso, temos os hot\u00e9is, os expositores e todo o movimento gerado pelas milhares de pessoas que participam\u201d, explicou.<\/p>\n<figure class=\"wp-block-image\"><img decoding=\"async\" src=\"https:\/\/www.rondonopolis.mt.gov.br\/media\/uploads\/IMG_1755.jpg\" alt=\"\" title=\"\"\/><figcaption class=\"wp-element-caption\">\u00a0Foto \u2013 Marcos Miraglia<\/figcaption><\/figure>\n<\/p>\n<p>Um dos setores que mais percebe o impacto de grandes eventos \u00e9 a hotelaria. Com a chegada de visitantes de outras cidades, a procura por hospedagem aumenta e beneficia tamb\u00e9m outros segmentos que recebem os turistas durante a perman\u00eancia em Rondon\u00f3polis.\u00a0<\/p>\n<p>De acordo com Adriano Moreno, gerente do Hotel Rios, a procura por hospedagem j\u00e1 aumentou para o per\u00edodo do festival. A expectativa \u00e9 de que a ocupa\u00e7\u00e3o chegue a at\u00e9 80%, acima da m\u00e9dia registrada normalmente aos finais de semana. \u201cAumenta a procura e eu j\u00e1 tenho bastante quartos ocupados nessa data, de pessoas que fazem a reserva com anteced\u00eancia. Este ano teremos uma novidade, que s\u00e3o tr\u00eas dias de evento, ent\u00e3o a expectativa \u00e9 que seja ainda melhor\u201d, afirmou.\u00a0<\/p>\n<p>Adriano destaca ainda que o impacto n\u00e3o fica restrito aos hot\u00e9is. \u201cEventos como o Caveiras s\u00e3o muito atrativos para a hotelaria de Rondon\u00f3polis. Quando a hotelaria est\u00e1 em alta, todo o movimento gira. A gente atrai pessoas para lanchonetes, restaurantes, shopping e outros estabelecimentos. Rondon\u00f3polis merece sediar eventos como esse e buscar cada vez mais iniciativas que movimentem a cidade nos finais de semana\u201d, ressaltou.\u00a0<\/p>\n<p>A movimenta\u00e7\u00e3o de motociclistas tamb\u00e9m deve refletir diretamente nos postos de combust\u00edveis e estabelecimentos que oferecem servi\u00e7os aos viajantes.\u00a0<\/p>\n<p>Para o empres\u00e1rio An\u00edsio Dias de Souza, do Grupo Posto F\u00f3rum, a expectativa \u00e9 de aumento nas vendas de combust\u00edveis e nos servi\u00e7os oferecidos pelo estabelecimento. \u201cA expectativa \u00e9 muito grande, porque temos conveni\u00eancia e troca de \u00f3leo. Esperamos melhorar a quantidade de vendas de abastecimento. Desde antes do evento o movimento j\u00e1 come\u00e7a a aumentar. No domingo, por exemplo, tivemos uma rodada de motos e isso aumenta as vendas\u201d, contou.\u00a0<\/p>\n<p>O empres\u00e1rio ressalta que a presen\u00e7a de visitantes de munic\u00edpios da regi\u00e3o tamb\u00e9m amplia o alcance econ\u00f4mico do festival. \u201cMesmo os n\u00e3o motociclistas v\u00eam de Pedra Preta, Guiratinga, Cuiab\u00e1 e outras cidades. Isso vai movimentar tamb\u00e9m hot\u00e9is e restaurantes. \u00c9 um evento muito valoroso para a economia da cidade\u201d, afirmou.\u00a0<\/p>\n<p>As lojas especializadas em motocicletas tamb\u00e9m est\u00e3o entre os segmentos que podem ser beneficiados pela realiza\u00e7\u00e3o do evento. Al\u00e9m das vendas durante o festival, a presen\u00e7a de motociclistas de outras cidades cria oportunidades para novos clientes e neg\u00f3cios futuros.\u00a0<\/p>\n<p>Matheus Souza, do Atacad\u00e3o Moto Pe\u00e7as, explica que produtos ligados \u00e0 manuten\u00e7\u00e3o das motocicletas est\u00e3o entre os mais procurados. \u201cSem d\u00favidas o evento atrai pessoas de v\u00e1rias cidades do Estado. Al\u00e9m da visibilidade para as empresas do segmento, esses visitantes tamb\u00e9m conhecem a nossa cidade. Os produtos mais procurados s\u00e3o aqueles de troca e manuten\u00e7\u00e3o do cotidiano, como pneus, kits de transmiss\u00e3o, \u00f3leos lubrificantes e pastilhas de freio. Atrav\u00e9s do evento, os viajantes conhecem o com\u00e9rcio local, principalmente as empresas que n\u00e3o existem nas cidades deles. Sempre temos clientes que nos visitam e que fazem contato posteriormente para compras futuras\u201d, destacou.\u00a0<\/p>\n<p>Com entrada gratuita, o 10\u00ba Caveiras Moto Festival \u00e9 viabilizado pelo patroc\u00ednio da Rumo, por meio da Lei Federal de Incentivo \u00e0 Cultura, e por emendas parlamentares dos vereadores Investigador Gerson, Vin\u00edcius Amoroso e Kalynka Meirelles. O evento tamb\u00e9m tem car\u00e1ter solid\u00e1rio e mobiliza o p\u00fablico a doar, no acesso ao parque, 1 quilo de alimento n\u00e3o perec\u00edvel ou ra\u00e7\u00e3o para pets.\u00a0<\/p>\n<p>Ao longo de uma d\u00e9cada, o festival se consolidou como um dos eventos do calend\u00e1rio cultural de Rondon\u00f3polis e passou a atrair visitantes de diferentes munic\u00edpios e regi\u00f5es.\u00a0<\/p>\n<p>Para Anderson Val\u00e9rio, a perman\u00eancia do evento no calend\u00e1rio do munic\u00edpio demonstra justamente a sua import\u00e2ncia para a cidade. \u201cJ\u00e1 virou cultural. Tem pessoas que esperam o ano todo pelo evento. Recebemos mensagens, liga\u00e7\u00f5es e contatos pelas redes sociais de pessoas que j\u00e1 est\u00e3o esperando a pr\u00f3xima edi\u00e7\u00e3o. Isso fortalece o evento e tamb\u00e9m fortalece Rondon\u00f3polis\u201d, afirmou.<br \/>\n<!-- H&aacute; banners, eles s&atilde;o deficientes ou nenhum qualificado para este local! --><\/p>\n<\/p><\/div>\n<p><script async src=\"\/\/www.instagram.com\/embed.js\"><\/script><br \/>\n<br \/><br \/>\n<br \/><a href=\"https:\/\/rgtnews.com.br\/destaque\/caveiras-moto-festival-deve-movimentar-hoteis-comercio-e-servicos-em-rondonopolis\/?utm_source=rss&#038;utm_medium=rss&#038;utm_campaign=caveiras-moto-festival-deve-movimentar-hoteis-comercio-e-servicos-em-rondonopolis\">Fonte da Noticia <\/a><\/p>\n","protected":false},"excerpt":{"rendered":"<p>Mais do que reunir apaixonados por motocicletas e oferecer uma programa\u00e7\u00e3o cultural gratuita para toda a fam\u00edlia, a 10\u00aa edi\u00e7\u00e3o do Caveiras Moto Festival deve gerar uma importante movimenta\u00e7\u00e3o econ\u00f4mica em Rondon\u00f3polis. Realizado pelo Instituto Brasil, com apoio da Prefeitura de Rondon\u00f3polis, o evento acontece nos dias 4, 5 e 6 de setembro, no Parque [&hellip;]<\/p>\n","protected":false},"author":1,"featured_media":21374,"comment_status":"closed","ping_status":"closed","sticky":false,"template":"","format":"standard","meta":[],"categories":[1],"tags":[],"_links":{"self":[{"href":"https:\/\/ligana104.com.br\/2021\/wp-json\/wp\/v2\/posts\/21373"}],"collection":[{"href":"https:\/\/ligana104.com.br\/2021\/wp-json\/wp\/v2\/posts"}],"about":[{"href":"https:\/\/ligana104.com.br\/2021\/wp-json\/wp\/v2\/types\/post"}],"author":[{"embeddable":true,"href":"https:\/\/ligana104.com.br\/2021\/wp-json\/wp\/v2\/users\/1"}],"replies":[{"embeddable":true,"href":"https:\/\/ligana104.com.br\/2021\/wp-json\/wp\/v2\/comments?post=21373"}],"version-history":[{"count":1,"href":"https:\/\/ligana104.com.br\/2021\/wp-json\/wp\/v2\/posts\/21373\/revisions"}],"predecessor-version":[{"id":21375,"href":"https:\/\/ligana104.com.br\/2021\/wp-json\/wp\/v2\/posts\/21373\/revisions\/21375"}],"wp:featuredmedia":[{"embeddable":true,"href":"https:\/\/ligana104.com.br\/2021\/wp-json\/wp\/v2\/media\/21374"}],"wp:attachment":[{"href":"https:\/\/ligana104.com.br\/2021\/wp-json\/wp\/v2\/media?parent=21373"}],"wp:term":[{"taxonomy":"category","embeddable":true,"href":"https:\/\/ligana104.com.br\/2021\/wp-json\/wp\/v2\/categories?post=21373"},{"taxonomy":"post_tag","embeddable":true,"href":"https:\/\/ligana104.com.br\/2021\/wp-json\/wp\/v2\/tags?post=21373"}],"curies":[{"name":"wp","href":"https:\/\/api.w.org\/{rel}","templated":true}]}}