{"id":21370,"date":"2026-08-31T19:50:14","date_gmt":"2026-08-31T22:50:14","guid":{"rendered":"https:\/\/ligana104.com.br\/2021\/2026\/08\/31\/cego-de-bebado-motorista-destroi-carro-no-meio-fio-e-nao-fala-nada-com-nada-em-rondonopolis-imagens\/"},"modified":"2026-08-31T19:50:15","modified_gmt":"2026-08-31T22:50:15","slug":"cego-de-bebado-motorista-destroi-carro-no-meio-fio-e-nao-fala-nada-com-nada-em-rondonopolis-imagens","status":"publish","type":"post","link":"https:\/\/ligana104.com.br\/2021\/2026\/08\/31\/cego-de-bebado-motorista-destroi-carro-no-meio-fio-e-nao-fala-nada-com-nada-em-rondonopolis-imagens\/","title":{"rendered":"&#8216;Cego de b\u00eabado&#8217;, motorista destr\u00f3i carro no meio-fio e n\u00e3o fala nada com nada em Rondon\u00f3polis; imagens"},"content":{"rendered":"<p> <br \/>\n<\/p>\n<div>\n<p>Um motorista em vis\u00edvel estado de embriaguez acabou na delegacia ap\u00f3s perder o controle de um VW Gol e bater contra o meio-fio, na tarde de s\u00e1bado (29), na Vila Birigui, em Rondon\u00f3polis.<\/p>\n<p>Acionados pelo 190, policiais militares do 5\u00ba BPM encontraram o homem bastante exaltado e com respostas desconexas. O carro apresentava diversas avarias e n\u00e3o tinha condi\u00e7\u00f5es de continuar circulando.<\/p>\n<figure class=\"wp-block-image size-large\"><figcaption class=\"wp-element-caption\">Screenshot<\/figcaption><\/figure>\n<\/p>\n<div class=\"g g-90\">\n<div class=\"g-single a-66\">\n<div style=\"position: relative; width: 100%;\">\n    <!-- Banner 3 --><\/p>\n<p>    <!-- Banner 4 --><\/p>\n<div id=\"banner4\" style=\"opacity: 0; transition: opacity 1s; width: 100%;\">\n        <a class=\"gofollow\" data-track=\"NjYsOTAsMSw2MA==\" href=\"https:\/\/www.instagram.com\/cdl.roo\" target=\"_blank\" rel=\"noopener\">&#13;<br \/>\n            <img decoding=\"async\" src=\"https:\/\/rgtnews.com.br\/wp-content\/uploads\/2026\/07\/CL-Liquida-RGT-News-1200-\u00d7-300-pixels.jpg.jpeg\" width=\"100%\"\/>&#13;<br \/>\n        <\/a>\n    <\/div>\n<\/div>\n<\/div>\n<\/div>\n<p>A PM encaminhou o motorista \u00e0 1\u00aa Delegacia de Pol\u00edcia e ofereceu o teste do baf\u00f4metro, mas ele recusou. Diante dos sinais apresentados, os policiais elaboraram um termo de constata\u00e7\u00e3o de embriaguez.<\/p>\n<p>O homem tamb\u00e9m apresentava ferimentos no rosto causados pelo acidente. Um guincho removeu o ve\u00edculo e o levou ao p\u00e1tio. A Pol\u00edcia Civil ficou respons\u00e1vel pelas demais provid\u00eancias.<\/p>\n<p><figure class=\"wp-block-image size-large\"><img loading=\"lazy\" decoding=\"async\" width=\"629\" height=\"1024\" src=\"https:\/\/rgtnews.com.br\/wp-content\/uploads\/2026\/08\/IMG_0023-629x1024.jpeg\" alt=\"\" class=\"wp-image-81037\" srcset=\"https:\/\/rgtnews.com.br\/wp-content\/uploads\/2026\/08\/IMG_0023-629x1024.jpeg 629w, https:\/\/rgtnews.com.br\/wp-content\/uploads\/2026\/08\/IMG_0023-184x300.jpeg 184w, https:\/\/rgtnews.com.br\/wp-content\/uploads\/2026\/08\/IMG_0023-768x1251.jpeg 768w, https:\/\/rgtnews.com.br\/wp-content\/uploads\/2026\/08\/IMG_0023-943x1536.jpeg 943w, https:\/\/rgtnews.com.br\/wp-content\/uploads\/2026\/08\/IMG_0023.jpeg 1206w\" sizes=\"(max-width: 629px) 100vw, 629px\"\/><figcaption class=\"wp-element-caption\">Screenshot<\/figcaption><\/figure>\n<p><!-- H&aacute; banners, eles s&atilde;o deficientes ou nenhum qualificado para este local! --><\/p>\n<\/p><\/div>\n<p><script async src=\"\/\/www.instagram.com\/embed.js\"><\/script><br \/>\n<br \/><br \/>\n<br \/><a href=\"https:\/\/rgtnews.com.br\/destaque\/cego-de-bebado-motorista-destroi-carro-no-meio-fio-e-nao-fala-nada-com-nada-em-rondonopolis-imagens\/?utm_source=rss&#038;utm_medium=rss&#038;utm_campaign=cego-de-bebado-motorista-destroi-carro-no-meio-fio-e-nao-fala-nada-com-nada-em-rondonopolis-imagens\">Fonte da Noticia <\/a><\/p>\n","protected":false},"excerpt":{"rendered":"<p>Um motorista em vis\u00edvel estado de embriaguez acabou na delegacia ap\u00f3s perder o controle de um VW Gol e bater contra o meio-fio, na tarde de s\u00e1bado (29), na Vila Birigui, em Rondon\u00f3polis. Acionados pelo 190, policiais militares do 5\u00ba BPM encontraram o homem bastante exaltado e com respostas desconexas. O carro apresentava diversas avarias [&hellip;]<\/p>\n","protected":false},"author":1,"featured_media":21371,"comment_status":"closed","ping_status":"closed","sticky":false,"template":"","format":"standard","meta":[],"categories":[1],"tags":[],"_links":{"self":[{"href":"https:\/\/ligana104.com.br\/2021\/wp-json\/wp\/v2\/posts\/21370"}],"collection":[{"href":"https:\/\/ligana104.com.br\/2021\/wp-json\/wp\/v2\/posts"}],"about":[{"href":"https:\/\/ligana104.com.br\/2021\/wp-json\/wp\/v2\/types\/post"}],"author":[{"embeddable":true,"href":"https:\/\/ligana104.com.br\/2021\/wp-json\/wp\/v2\/users\/1"}],"replies":[{"embeddable":true,"href":"https:\/\/ligana104.com.br\/2021\/wp-json\/wp\/v2\/comments?post=21370"}],"version-history":[{"count":1,"href":"https:\/\/ligana104.com.br\/2021\/wp-json\/wp\/v2\/posts\/21370\/revisions"}],"predecessor-version":[{"id":21372,"href":"https:\/\/ligana104.com.br\/2021\/wp-json\/wp\/v2\/posts\/21370\/revisions\/21372"}],"wp:featuredmedia":[{"embeddable":true,"href":"https:\/\/ligana104.com.br\/2021\/wp-json\/wp\/v2\/media\/21371"}],"wp:attachment":[{"href":"https:\/\/ligana104.com.br\/2021\/wp-json\/wp\/v2\/media?parent=21370"}],"wp:term":[{"taxonomy":"category","embeddable":true,"href":"https:\/\/ligana104.com.br\/2021\/wp-json\/wp\/v2\/categories?post=21370"},{"taxonomy":"post_tag","embeddable":true,"href":"https:\/\/ligana104.com.br\/2021\/wp-json\/wp\/v2\/tags?post=21370"}],"curies":[{"name":"wp","href":"https:\/\/api.w.org\/{rel}","templated":true}]}}