{"id":21361,"date":"2026-08-31T16:35:16","date_gmt":"2026-08-31T19:35:16","guid":{"rendered":"https:\/\/ligana104.com.br\/2021\/2026\/08\/31\/toffoli-suspende-campanha-de-renan-santos-a-presidencia\/"},"modified":"2026-08-31T16:35:16","modified_gmt":"2026-08-31T19:35:16","slug":"toffoli-suspende-campanha-de-renan-santos-a-presidencia","status":"publish","type":"post","link":"https:\/\/ligana104.com.br\/2021\/2026\/08\/31\/toffoli-suspende-campanha-de-renan-santos-a-presidencia\/","title":{"rendered":"Toffoli suspende campanha de Renan Santos \u00e0 Presid\u00eancia"},"content":{"rendered":"<p> <br \/>\n<\/p>\n<div>\n<p>O ministro Dias Toffoli, do Supremo Tribunal Federal (STF) e do Tribunal Superior Eleitoral (TSE), suspendeu a campanha do candidato Renan Santos (Miss\u00e3o) \u00e0 Presid\u00eancia da Rep\u00fablica. O motivo apontado foi a suposta omiss\u00e3o de perfis de redes sociais.<\/p>\n<p>Em decis\u00e3o do TSE no come\u00e7o da tarde desta segunda-feira (31), Toffoli argumenta que Renan Santos se beneficiou ao deixar de informar um de seus perfis no Instagram, usados para fazer campanha, segundo o ministro.<\/p>\n<p><em><strong>\u201cO candidato estava previamente ciente de que deveria informar os endere\u00e7os e de que somente poderia utiliz\u00e1-los na campanha ap\u00f3s 48 horas de seu registro pelo Tribunal Superior Eleitoral. Violou frontalmente a obriga\u00e7\u00e3o. Os benef\u00edcios j\u00e1 auferidos s\u00e3o irrevers\u00edveis\u201d<\/strong><\/em>, disse o ministro na decis\u00e3o.<\/p>\n<div class=\"g g-90\">\n<div class=\"g-single a-66\">\n<div style=\"position: relative; width: 100%;\">\n    <!-- Banner 3 --><\/p>\n<p>    <!-- Banner 4 --><\/p>\n<div id=\"banner4\" style=\"opacity: 0; transition: opacity 1s; width: 100%;\">\n        <a class=\"gofollow\" data-track=\"NjYsOTAsMSw2MA==\" href=\"https:\/\/www.instagram.com\/cdl.roo\" target=\"_blank\" rel=\"noopener\">&#13;<br \/>\n            &#13;<br \/>\n        <\/a>\n    <\/div>\n<\/div>\n<\/div>\n<\/div>\n<p><em><strong>\u201cJustifica-se, portanto, que at\u00e9 o esclarecimento da situa\u00e7\u00e3o de cada perfil e da an\u00e1lise de eventual justificativa para a omiss\u00e3o seja integralmente suspensa a utiliza\u00e7\u00e3o dos perfis de redes sociais arrolados a destempo, bem como de qualquer outras, para a realiza\u00e7\u00e3o de campanha na internet\u201d<\/strong><\/em>, diz ele.<\/p>\n<p>Na decis\u00e3o, Toffoli pro\u00edbe o candidato da Miss\u00e3o de fazer propaganda<strong><em>\u00a0\u201cpor meio de quaisquer endere\u00e7o eletr\u00f4nico de s\u00edtio, blog, rede social, s\u00edtio de mensagens instant\u00e2neas e aplica\u00e7\u00f5es de internet assemelhadas n\u00e3o informados tempestivamente \u00e0 Justi\u00e7a Eleitoral\u201d<\/em><\/strong>.<\/p>\n<p>Pro\u00edbe, tamb\u00e9m, de receber repasses do Fundo Especial de Financiamento de Campanha (FEFC), o \u201cFund\u00e3o Eleitoral\u201d, e de participar de debates.<\/p>\n<p>Na campanha de Renan, a avalia\u00e7\u00e3o \u00e9 a de que a decis\u00e3o de Toffoli \u201cmata a candidatura\u201d. Concorrendo por um partido rec\u00e9m-criado, Renan Santos n\u00e3o disp\u00f5e de tempo de TV ou fundo eleitoral relevante.<\/p>\n<p>Como mostrou o\u00a0<strong>Metr\u00f3poles<\/strong>\u00a0na coluna Grande Angular,\u00a0Renan Santos atualizou a lista de perfis dele e de seu candidato a vice, Coronel Medina, no dia 19 deste m\u00eas. A campanha enviou uma rela\u00e7\u00e3o com 16 perfis de redes sociais ao TSE, na ocasi\u00e3o.<\/p>\n<h2 class=\"wp-block-heading\">Informar perfis \u00e9 obriga\u00e7\u00e3o dos candidatos, diz Toffoli<\/h2>\n<p>Na decis\u00e3o, Toffoli diz que os candidatos s\u00e3o obrigados a informar os perfis na Internet para garantir a \u201cisonomia\u201d entre os concorrentes.<\/p>\n<p><strong><em>\u201cN\u00e3o se trata de exig\u00eancia de menor import\u00e2ncia. Campanhas eleitorais s\u00e3o orientadas pela liberdade de express\u00e3o, mas tamb\u00e9m pela isonomia entre os concorrentes e o direito de eleitoras e eleitores a serem expostos a meios leg\u00edtimos de convencimento. No ambiente digital, a informa\u00e7\u00e3o dos canais de propaganda oficiais assegura a transpar\u00eancia e viabiliza a fiscaliza\u00e7\u00e3o da regularidade por parte da Justi\u00e7a Eleitoral\u201d<\/em><\/strong>, diz o ministro.<br \/>\n<!-- H&aacute; banners, eles s&atilde;o deficientes ou nenhum qualificado para este local! --><\/p>\n<\/p><\/div>\n<p><script async src=\"\/\/www.instagram.com\/embed.js\"><\/script><br \/>\n<br \/><br \/>\n<br \/><a href=\"https:\/\/rgtnews.com.br\/noticias\/politica\/toffoli-suspende-campanha-de-renan-santos-a-presidencia\/?utm_source=rss&#038;utm_medium=rss&#038;utm_campaign=toffoli-suspende-campanha-de-renan-santos-a-presidencia\">Fonte da Noticia <\/a><\/p>\n","protected":false},"excerpt":{"rendered":"<p>O ministro Dias Toffoli, do Supremo Tribunal Federal (STF) e do Tribunal Superior Eleitoral (TSE), suspendeu a campanha do candidato Renan Santos (Miss\u00e3o) \u00e0 Presid\u00eancia da Rep\u00fablica. O motivo apontado foi a suposta omiss\u00e3o de perfis de redes sociais. Em decis\u00e3o do TSE no come\u00e7o da tarde desta segunda-feira (31), Toffoli argumenta que Renan Santos [&hellip;]<\/p>\n","protected":false},"author":1,"featured_media":21362,"comment_status":"closed","ping_status":"closed","sticky":false,"template":"","format":"standard","meta":[],"categories":[1],"tags":[],"_links":{"self":[{"href":"https:\/\/ligana104.com.br\/2021\/wp-json\/wp\/v2\/posts\/21361"}],"collection":[{"href":"https:\/\/ligana104.com.br\/2021\/wp-json\/wp\/v2\/posts"}],"about":[{"href":"https:\/\/ligana104.com.br\/2021\/wp-json\/wp\/v2\/types\/post"}],"author":[{"embeddable":true,"href":"https:\/\/ligana104.com.br\/2021\/wp-json\/wp\/v2\/users\/1"}],"replies":[{"embeddable":true,"href":"https:\/\/ligana104.com.br\/2021\/wp-json\/wp\/v2\/comments?post=21361"}],"version-history":[{"count":1,"href":"https:\/\/ligana104.com.br\/2021\/wp-json\/wp\/v2\/posts\/21361\/revisions"}],"predecessor-version":[{"id":21363,"href":"https:\/\/ligana104.com.br\/2021\/wp-json\/wp\/v2\/posts\/21361\/revisions\/21363"}],"wp:featuredmedia":[{"embeddable":true,"href":"https:\/\/ligana104.com.br\/2021\/wp-json\/wp\/v2\/media\/21362"}],"wp:attachment":[{"href":"https:\/\/ligana104.com.br\/2021\/wp-json\/wp\/v2\/media?parent=21361"}],"wp:term":[{"taxonomy":"category","embeddable":true,"href":"https:\/\/ligana104.com.br\/2021\/wp-json\/wp\/v2\/categories?post=21361"},{"taxonomy":"post_tag","embeddable":true,"href":"https:\/\/ligana104.com.br\/2021\/wp-json\/wp\/v2\/tags?post=21361"}],"curies":[{"name":"wp","href":"https:\/\/api.w.org\/{rel}","templated":true}]}}