{"id":21355,"date":"2026-08-31T14:25:16","date_gmt":"2026-08-31T17:25:16","guid":{"rendered":"https:\/\/ligana104.com.br\/2021\/2026\/08\/31\/placas-de-alessandra-ferreira-sao-arrancadas-de-residencias-de-apoiadores-videos-mostram-vandalos-em-acao\/"},"modified":"2026-08-31T14:25:17","modified_gmt":"2026-08-31T17:25:17","slug":"placas-de-alessandra-ferreira-sao-arrancadas-de-residencias-de-apoiadores-videos-mostram-vandalos-em-acao","status":"publish","type":"post","link":"https:\/\/ligana104.com.br\/2021\/2026\/08\/31\/placas-de-alessandra-ferreira-sao-arrancadas-de-residencias-de-apoiadores-videos-mostram-vandalos-em-acao\/","title":{"rendered":"Placas de Alessandra Ferreira s\u00e3o arrancadas de resid\u00eancias de apoiadores; v\u00eddeos mostram v\u00e2ndalos em a\u00e7\u00e3o"},"content":{"rendered":"<p> <br \/>\n<\/p>\n<div>\n<p>A candidata a deputada estadual Alessandra Ferreira (Podemos) vem sendo alvo de ataques pol\u00edticos nos \u00faltimos dias, com atos de vandalismo cometidos contra o seu material de campanha nos mais diversos bairros de Rondon\u00f3polis.<\/p>\n<p>Placas com o nome da candidata, instaladas em resid\u00eancias de apoiadores em diferentes regi\u00f5es da cidade, est\u00e3o sendo arrancadas por pessoas ainda n\u00e3o identificadas.<\/p>\n<div class=\"g g-90\">\n<div class=\"g-single a-66\">\n<div style=\"position: relative; width: 100%;\">\n    <!-- Banner 3 --><\/p>\n<p>    <!-- Banner 4 --><\/p>\n<div id=\"banner4\" style=\"opacity: 0; transition: opacity 1s; width: 100%;\">\n        <a class=\"gofollow\" data-track=\"NjYsOTAsMSw2MA==\" href=\"https:\/\/www.instagram.com\/cdl.roo\" target=\"_blank\" rel=\"noopener\">&#13;<br \/>\n            &#13;<br \/>\n        <\/a>\n    <\/div>\n<\/div>\n<\/div>\n<\/div>\n<p>Os epis\u00f3dios t\u00eam causado indigna\u00e7\u00e3o entre os apoiadores da candidata, que relatam a retirada das placas dos port\u00f5es e fachadas dos im\u00f3veis onde foram autorizadas pelos moradores. Os casos ocorreram em diferentes pontos de Rondon\u00f3polis, indicando que n\u00e3o se trata de uma ocorr\u00eancia isolada.<\/p>\n<p>Em um dos epis\u00f3dios, uma c\u00e2mera de seguran\u00e7a registrou o momento em que dois homens chegaram ao local em uma motocicleta. Nas imagens, um deles desce e se aproxima do im\u00f3vel, retirando a placa instalada no port\u00e3o.<\/p>\n<p>A equipe da candidata registrou um boletim de ocorr\u00eancia e aguarda a apura\u00e7\u00e3o dos casos por parte das autoridades competentes. Al\u00e9m disso, orienta os apoiadores a relatarem as ocorr\u00eancias e preservarem imagens de c\u00e2meras de seguran\u00e7a que possam contribuir com a investiga\u00e7\u00e3o.<\/p>\n<p>Para Alessandra Ferreira, a campanha deve ser marcada pelo debate de propostas e pelo respeito \u00e0 escolha de cada eleitor. \u201cCada pessoa tem a liberdade para manifestar publicamente sua prefer\u00eancia pol\u00edtica sem sofrer qualquer tipo de intimida\u00e7\u00e3o ou vandalismo. O que estamos vendo \u00e9 um claro sinal de que o crescimento da nossa campanha est\u00e1 incomodando\u201d, disse Alessandra.<\/p>\n<p>V\u00eddeos:<\/p>\n<blockquote class=\"instagram-media\" data-instgrm-permalink=\"https:\/\/www.instagram.com\/reel\/DctiV_xCEuA\/?utm_source=ig_embed&amp;utm_campaign=loading\" data-instgrm-version=\"14\" style=\" background:#FFF; border:0; border-radius:3px; box-shadow:0 0 1px 0 rgba(0,0,0,0.5),0 1px 10px 0 rgba(0,0,0,0.15); margin: 1px; max-width:658px; min-width:326px; padding:0; width:99.375%; width:-webkit-calc(100% - 2px); width:calc(100% - 2px);\"\/><\/div>\n<p><script async src=\"\/\/www.instagram.com\/embed.js\"><\/script><br \/>\n<br \/><br \/>\n<br \/><a href=\"https:\/\/rgtnews.com.br\/destaque\/placas-de-alessandra-ferreira-sao-arrancadas-de-residencias-de-apoiadores-videos-mostram-vandalos-em-acao\/?utm_source=rss&#038;utm_medium=rss&#038;utm_campaign=placas-de-alessandra-ferreira-sao-arrancadas-de-residencias-de-apoiadores-videos-mostram-vandalos-em-acao\">Fonte da Noticia <\/a><\/p>\n","protected":false},"excerpt":{"rendered":"<p>A candidata a deputada estadual Alessandra Ferreira (Podemos) vem sendo alvo de ataques pol\u00edticos nos \u00faltimos dias, com atos de vandalismo cometidos contra o seu material de campanha nos mais diversos bairros de Rondon\u00f3polis. Placas com o nome da candidata, instaladas em resid\u00eancias de apoiadores em diferentes regi\u00f5es da cidade, est\u00e3o sendo arrancadas por pessoas [&hellip;]<\/p>\n","protected":false},"author":1,"featured_media":21356,"comment_status":"closed","ping_status":"closed","sticky":false,"template":"","format":"standard","meta":[],"categories":[1],"tags":[],"_links":{"self":[{"href":"https:\/\/ligana104.com.br\/2021\/wp-json\/wp\/v2\/posts\/21355"}],"collection":[{"href":"https:\/\/ligana104.com.br\/2021\/wp-json\/wp\/v2\/posts"}],"about":[{"href":"https:\/\/ligana104.com.br\/2021\/wp-json\/wp\/v2\/types\/post"}],"author":[{"embeddable":true,"href":"https:\/\/ligana104.com.br\/2021\/wp-json\/wp\/v2\/users\/1"}],"replies":[{"embeddable":true,"href":"https:\/\/ligana104.com.br\/2021\/wp-json\/wp\/v2\/comments?post=21355"}],"version-history":[{"count":1,"href":"https:\/\/ligana104.com.br\/2021\/wp-json\/wp\/v2\/posts\/21355\/revisions"}],"predecessor-version":[{"id":21357,"href":"https:\/\/ligana104.com.br\/2021\/wp-json\/wp\/v2\/posts\/21355\/revisions\/21357"}],"wp:featuredmedia":[{"embeddable":true,"href":"https:\/\/ligana104.com.br\/2021\/wp-json\/wp\/v2\/media\/21356"}],"wp:attachment":[{"href":"https:\/\/ligana104.com.br\/2021\/wp-json\/wp\/v2\/media?parent=21355"}],"wp:term":[{"taxonomy":"category","embeddable":true,"href":"https:\/\/ligana104.com.br\/2021\/wp-json\/wp\/v2\/categories?post=21355"},{"taxonomy":"post_tag","embeddable":true,"href":"https:\/\/ligana104.com.br\/2021\/wp-json\/wp\/v2\/tags?post=21355"}],"curies":[{"name":"wp","href":"https:\/\/api.w.org\/{rel}","templated":true}]}}