{"id":21349,"date":"2026-08-31T12:15:14","date_gmt":"2026-08-31T15:15:14","guid":{"rendered":"https:\/\/ligana104.com.br\/2021\/2026\/08\/31\/medeiros-leva-flavio-bolsonaro-a-aldeia-parecis-e-se-reune-com-liderancas-indigenas\/"},"modified":"2026-08-31T12:15:15","modified_gmt":"2026-08-31T15:15:15","slug":"medeiros-leva-flavio-bolsonaro-a-aldeia-parecis-e-se-reune-com-liderancas-indigenas","status":"publish","type":"post","link":"https:\/\/ligana104.com.br\/2021\/2026\/08\/31\/medeiros-leva-flavio-bolsonaro-a-aldeia-parecis-e-se-reune-com-liderancas-indigenas\/","title":{"rendered":"Medeiros leva Fl\u00e1vio Bolsonaro a aldeia Parecis e se re\u00fane com lideran\u00e7as ind\u00edgenas"},"content":{"rendered":"<p> <br \/>\n<\/p>\n<div data-id=\"16dae40\" data-element_type=\"widget\" data-e-type=\"widget\" data-widget_type=\"theme-post-content.default\">\n<div class=\"elementor-widget-container\">\n<p>O candidato \u00e0 Presid\u00eancia da Rep\u00fablica pelo PL, Fl\u00e1vio Bolsonaro, est\u00e1 em Mato Grosso nesta segunda-feira (31) e visita, neste momento, uma aldeia da etnia Parecis, em Campo Novo do Parecis. A agenda foi articulada pelo deputado federal Z\u00e9 Medeiros (PL-MT) e Od\u00edlio Balbinotti, coordenador da campanha do presidenci\u00e1vel em Mato Grosso.<\/p>\n<p>Fl\u00e1vio se re\u00fane com lideran\u00e7as ind\u00edgenas para conhecer de perto o modelo de produ\u00e7\u00e3o desenvolvido pelos Parecis, al\u00e9m das dificuldades enfrentadas pelos produtores e as belezas naturais da regi\u00e3o.<\/p>\n<figure class=\"wp-block-image size-large\"><\/figure>\n<\/p>\n<div class=\"g g-90\">\n<div class=\"g-single a-66\">\n<div style=\"position: relative; width: 100%;\">\n    <!-- Banner 3 --><\/p>\n<p>    <!-- Banner 4 --><\/p>\n<div id=\"banner4\" style=\"opacity: 0; transition: opacity 1s; width: 100%;\">\n        <a class=\"gofollow\" data-track=\"NjYsOTAsMSw2MA==\" href=\"https:\/\/www.instagram.com\/cdl.roo\" target=\"_blank\" rel=\"noopener\">&#13;<br \/>\n            <img decoding=\"async\" src=\"https:\/\/rgtnews.com.br\/wp-content\/uploads\/2026\/07\/CL-Liquida-RGT-News-1200-\u00d7-300-pixels.jpg.jpeg\" width=\"100%\"\/>&#13;<br \/>\n        <\/a>\n    <\/div>\n<\/div>\n<\/div>\n<\/div>\n<p>Durante o encontro, o cacique Arnaldo apresenta ao candidato reivindica\u00e7\u00f5es da comunidade, enquanto o presidente da cooperativa de produtores ind\u00edgenas explica o funcionamento da atividade agr\u00edcola e os desafios enfrentados pelos Parecis para produzir em larga escala dentro do territ\u00f3rio ind\u00edgena.<\/p>\n<p>Uma das principais demandas apresentadas \u00e9 a cria\u00e7\u00e3o, pelo Governo Federal, de uma pol\u00edtica de fundo garantidor para produtores ind\u00edgenas. Segundo as lideran\u00e7as, a cooperativa n\u00e3o pode utilizar o territ\u00f3rio ind\u00edgena como garantia para obter financiamentos junto aos bancos, j\u00e1 que as terras pertencem \u00e0 Uni\u00e3o.<\/p>\n<p>Os produtores possuem autoriza\u00e7\u00e3o para cultivar as \u00e1reas e desenvolvem uma produ\u00e7\u00e3o em larga escala, mas encontram dificuldades para acessar cr\u00e9dito destinado \u00e0 compra de insumos, sementes, m\u00e1quinas e implementos agr\u00edcolas.<\/p>\n<p>As lideran\u00e7as defendem que um fundo garantidor criado pelo Governo Federal poderia solucionar esse problema, permitindo que os produtores ind\u00edgenas realizem opera\u00e7\u00f5es de cr\u00e9dito sem a necessidade de oferecer o territ\u00f3rio como garantia.<\/p>\n<p>A visita de Fl\u00e1vio Bolsonaro a Campo Novo do Parecis faz parte da agenda do candidato em Mato Grosso e busca aproxim\u00e1-lo das comunidades ind\u00edgenas e permitir que conhe\u00e7a diretamente suas demandas e o potencial produtivo desenvolvido nos territ\u00f3rios.<\/p>\n<figure class=\"wp-block-image size-large\"><img loading=\"lazy\" decoding=\"async\" width=\"1024\" height=\"576\" src=\"https:\/\/rgtnews.com.br\/wp-content\/uploads\/2026\/08\/image-25-1024x576.png\" alt=\"\" class=\"wp-image-80995\" srcset=\"https:\/\/rgtnews.com.br\/wp-content\/uploads\/2026\/08\/image-25-1024x576.png 1024w, https:\/\/rgtnews.com.br\/wp-content\/uploads\/2026\/08\/image-25-300x169.png 300w, https:\/\/rgtnews.com.br\/wp-content\/uploads\/2026\/08\/image-25-768x432.png 768w, https:\/\/rgtnews.com.br\/wp-content\/uploads\/2026\/08\/image-25-1536x864.png 1536w, https:\/\/rgtnews.com.br\/wp-content\/uploads\/2026\/08\/image-25.png 1600w\" sizes=\"(max-width: 1024px) 100vw, 1024px\"\/><\/figure>\n<p><!-- H&aacute; banners, eles s&atilde;o deficientes ou nenhum qualificado para este local! --><\/p>\n<\/p><\/div><\/div>\n<p><script async src=\"\/\/www.instagram.com\/embed.js\"><\/script><br \/>\n<br \/><br \/>\n<br \/><a href=\"https:\/\/rgtnews.com.br\/destaque\/medeiros-leva-flavio-bolsonaro-a-aldeia-parecis-e-se-reune-com-liderancas-indigenas\/?utm_source=rss&#038;utm_medium=rss&#038;utm_campaign=medeiros-leva-flavio-bolsonaro-a-aldeia-parecis-e-se-reune-com-liderancas-indigenas\">Fonte da Noticia <\/a><\/p>\n","protected":false},"excerpt":{"rendered":"<p>O candidato \u00e0 Presid\u00eancia da Rep\u00fablica pelo PL, Fl\u00e1vio Bolsonaro, est\u00e1 em Mato Grosso nesta segunda-feira (31) e visita, neste momento, uma aldeia da etnia Parecis, em Campo Novo do Parecis. A agenda foi articulada pelo deputado federal Z\u00e9 Medeiros (PL-MT) e Od\u00edlio Balbinotti, coordenador da campanha do presidenci\u00e1vel em Mato Grosso. Fl\u00e1vio se re\u00fane [&hellip;]<\/p>\n","protected":false},"author":1,"featured_media":21350,"comment_status":"closed","ping_status":"closed","sticky":false,"template":"","format":"standard","meta":[],"categories":[1],"tags":[],"_links":{"self":[{"href":"https:\/\/ligana104.com.br\/2021\/wp-json\/wp\/v2\/posts\/21349"}],"collection":[{"href":"https:\/\/ligana104.com.br\/2021\/wp-json\/wp\/v2\/posts"}],"about":[{"href":"https:\/\/ligana104.com.br\/2021\/wp-json\/wp\/v2\/types\/post"}],"author":[{"embeddable":true,"href":"https:\/\/ligana104.com.br\/2021\/wp-json\/wp\/v2\/users\/1"}],"replies":[{"embeddable":true,"href":"https:\/\/ligana104.com.br\/2021\/wp-json\/wp\/v2\/comments?post=21349"}],"version-history":[{"count":1,"href":"https:\/\/ligana104.com.br\/2021\/wp-json\/wp\/v2\/posts\/21349\/revisions"}],"predecessor-version":[{"id":21351,"href":"https:\/\/ligana104.com.br\/2021\/wp-json\/wp\/v2\/posts\/21349\/revisions\/21351"}],"wp:featuredmedia":[{"embeddable":true,"href":"https:\/\/ligana104.com.br\/2021\/wp-json\/wp\/v2\/media\/21350"}],"wp:attachment":[{"href":"https:\/\/ligana104.com.br\/2021\/wp-json\/wp\/v2\/media?parent=21349"}],"wp:term":[{"taxonomy":"category","embeddable":true,"href":"https:\/\/ligana104.com.br\/2021\/wp-json\/wp\/v2\/categories?post=21349"},{"taxonomy":"post_tag","embeddable":true,"href":"https:\/\/ligana104.com.br\/2021\/wp-json\/wp\/v2\/tags?post=21349"}],"curies":[{"name":"wp","href":"https:\/\/api.w.org\/{rel}","templated":true}]}}