{"id":21346,"date":"2026-08-31T11:10:18","date_gmt":"2026-08-31T14:10:18","guid":{"rendered":"https:\/\/ligana104.com.br\/2021\/2026\/08\/31\/agosto-se-despede-sem-avanco-de-pivetta-enquanto-wellington-se-consolida-na-lideranca-da-disputa-pelo-governo\/"},"modified":"2026-08-31T11:10:19","modified_gmt":"2026-08-31T14:10:19","slug":"agosto-se-despede-sem-avanco-de-pivetta-enquanto-wellington-se-consolida-na-lideranca-da-disputa-pelo-governo","status":"publish","type":"post","link":"https:\/\/ligana104.com.br\/2021\/2026\/08\/31\/agosto-se-despede-sem-avanco-de-pivetta-enquanto-wellington-se-consolida-na-lideranca-da-disputa-pelo-governo\/","title":{"rendered":"Agosto se despede sem avan\u00e7o de Pivetta, enquanto Wellington se consolida na lideran\u00e7a da disputa pelo Governo"},"content":{"rendered":"<p> <br \/>\n<\/p>\n<div>\n<p>Tr\u00eas pesquisas divulgadas em agosto refor\u00e7am um cen\u00e1rio favor\u00e1vel a Wellington Fagundes na disputa pelo Governo de Mato Grosso. O candidato do PL aparece \u00e0 frente nos principais levantamentos e, quando Pivetta se aproxima, alcan\u00e7a no m\u00e1ximo um empate t\u00e9cnico dentro da margem de erro, sem vantagem efetiva sobre o senador.<\/p>\n<p>Na Percent Brasil, realizada de 7 a 10 de agosto, Wellington aparece com 32%, contra 21% de Pivetta. Na Real Time Big Data, de 7 a 11 de agosto, o senador tem 34%, contra 26% do governador. J\u00e1 na Quaest, realizada entre 21 e 24 de agosto, Wellington registra 27%, contra 23% de Pivetta, em empate t\u00e9cnico.<\/p>\n<p>No segundo turno, a vantagem de Wellington tamb\u00e9m aparece nos dois levantamentos. Na Real Time, o senador vence por 45% a 32%. Na Quaest, marca 38% contra 29% de Pivetta.<\/p>\n<div class=\"g g-90\">\n<div class=\"g-single a-66\">\n<div style=\"position: relative; width: 100%;\">\n    <!-- Banner 3 --><\/p>\n<p>    <!-- Banner 4 --><\/p>\n<div id=\"banner4\" style=\"opacity: 0; transition: opacity 1s; width: 100%;\">\n        <a class=\"gofollow\" data-track=\"NjYsOTAsMSw2MA==\" href=\"https:\/\/www.instagram.com\/cdl.roo\" target=\"_blank\" rel=\"noopener\">&#13;<br \/>\n            &#13;<br \/>\n        <\/a>\n    <\/div>\n<\/div>\n<\/div>\n<\/div>\n<p>Os n\u00fameros ganham peso pelo contexto pol\u00edtico. Pivetta disputa a reelei\u00e7\u00e3o, est\u00e1 \u00e0 frente do Governo do Estado, com a m\u00e1quina na m\u00e3o, e vem reunindo apoios de prefeitos e lideran\u00e7as. Entre os mais recentes est\u00e3o Cl\u00e1udio Ferreira, de Rondon\u00f3polis, e Fl\u00e1via Moretti, de V\u00e1rzea Grande.<\/p>\n<p>Mesmo com esse movimento, agosto termina sem que o governador consiga abrir uma vantagem consistente sobre Wellington.<\/p>\n<p>Mais do que uma dificuldade pontual nas pesquisas, o cen\u00e1rio revela uma baixa express\u00e3o eleitoral de Pivetta diante da estrutura pol\u00edtica e institucional que possui. O cargo, a visibilidade e os apoios acumulados n\u00e3o se traduzem em maior consist\u00eancia nas inten\u00e7\u00f5es de voto.<\/p>\n<p>Wellington, por outro lado, mant\u00e9m-se competitivo e aparece \u00e0 frente em dois dos tr\u00eas levantamentos do m\u00eas. No terceiro, a diferen\u00e7a est\u00e1 dentro da margem de erro.<\/p>\n<p>\u00c9 um desempenho que ganha relev\u00e2ncia justamente por ocorrer sem que o senador esteja \u00e0 frente da estrutura do Governo do Estado.<\/p>\n<p>A elei\u00e7\u00e3o est\u00e1 aberta e h\u00e1 um contingente significativo de eleitores indecisos. Mas agosto se despede e deixa uma fotografia clara: Pivetta chega a setembro sem avan\u00e7ar de forma consistente, enquanto Wellington encerra o m\u00eas consolidado como principal advers\u00e1rio e com vantagem nos cen\u00e1rios de segundo turno.<br \/>\n<!-- H&aacute; banners, eles s&atilde;o deficientes ou nenhum qualificado para este local! --><\/p>\n<\/p><\/div>\n<p><script async src=\"\/\/www.instagram.com\/embed.js\"><\/script><br \/>\n<br \/><br \/>\n<br \/><a href=\"https:\/\/rgtnews.com.br\/noticias\/politica\/agosto-se-despede-sem-avanco-de-pivetta-enquanto-wellington-se-consolida-na-lideranca-da-disputa-pelo-governo\/?utm_source=rss&#038;utm_medium=rss&#038;utm_campaign=agosto-se-despede-sem-avanco-de-pivetta-enquanto-wellington-se-consolida-na-lideranca-da-disputa-pelo-governo\">Fonte da Noticia <\/a><\/p>\n","protected":false},"excerpt":{"rendered":"<p>Tr\u00eas pesquisas divulgadas em agosto refor\u00e7am um cen\u00e1rio favor\u00e1vel a Wellington Fagundes na disputa pelo Governo de Mato Grosso. O candidato do PL aparece \u00e0 frente nos principais levantamentos e, quando Pivetta se aproxima, alcan\u00e7a no m\u00e1ximo um empate t\u00e9cnico dentro da margem de erro, sem vantagem efetiva sobre o senador. Na Percent Brasil, realizada [&hellip;]<\/p>\n","protected":false},"author":1,"featured_media":21347,"comment_status":"closed","ping_status":"closed","sticky":false,"template":"","format":"standard","meta":[],"categories":[1],"tags":[],"_links":{"self":[{"href":"https:\/\/ligana104.com.br\/2021\/wp-json\/wp\/v2\/posts\/21346"}],"collection":[{"href":"https:\/\/ligana104.com.br\/2021\/wp-json\/wp\/v2\/posts"}],"about":[{"href":"https:\/\/ligana104.com.br\/2021\/wp-json\/wp\/v2\/types\/post"}],"author":[{"embeddable":true,"href":"https:\/\/ligana104.com.br\/2021\/wp-json\/wp\/v2\/users\/1"}],"replies":[{"embeddable":true,"href":"https:\/\/ligana104.com.br\/2021\/wp-json\/wp\/v2\/comments?post=21346"}],"version-history":[{"count":1,"href":"https:\/\/ligana104.com.br\/2021\/wp-json\/wp\/v2\/posts\/21346\/revisions"}],"predecessor-version":[{"id":21348,"href":"https:\/\/ligana104.com.br\/2021\/wp-json\/wp\/v2\/posts\/21346\/revisions\/21348"}],"wp:featuredmedia":[{"embeddable":true,"href":"https:\/\/ligana104.com.br\/2021\/wp-json\/wp\/v2\/media\/21347"}],"wp:attachment":[{"href":"https:\/\/ligana104.com.br\/2021\/wp-json\/wp\/v2\/media?parent=21346"}],"wp:term":[{"taxonomy":"category","embeddable":true,"href":"https:\/\/ligana104.com.br\/2021\/wp-json\/wp\/v2\/categories?post=21346"},{"taxonomy":"post_tag","embeddable":true,"href":"https:\/\/ligana104.com.br\/2021\/wp-json\/wp\/v2\/tags?post=21346"}],"curies":[{"name":"wp","href":"https:\/\/api.w.org\/{rel}","templated":true}]}}