{"id":21340,"date":"2026-08-30T14:42:13","date_gmt":"2026-08-30T17:42:13","guid":{"rendered":"https:\/\/ligana104.com.br\/2021\/2026\/08\/30\/bandido-que-sequestrou-mae-e-filha-atira-contra-a-pm-e-morre-em-confronto-em-mt-imagem-forte\/"},"modified":"2026-08-30T14:42:14","modified_gmt":"2026-08-30T17:42:14","slug":"bandido-que-sequestrou-mae-e-filha-atira-contra-a-pm-e-morre-em-confronto-em-mt-imagem-forte","status":"publish","type":"post","link":"https:\/\/ligana104.com.br\/2021\/2026\/08\/30\/bandido-que-sequestrou-mae-e-filha-atira-contra-a-pm-e-morre-em-confronto-em-mt-imagem-forte\/","title":{"rendered":"Bandido que sequestrou m\u00e3e e filha atira contra a PM e morre em confronto em MT; imagem forte"},"content":{"rendered":"<p> <br \/>\n<\/p>\n<div>\n<p>Natalino Monteiro, de 38 anos, conhecido como \u201cTigr\u00e3o\u201d, morreu ap\u00f3s entrar em confronto com a Pol\u00edcia Militar na madrugada de s\u00e1bado (29), em Marcel\u00e2ndia. Ele tinha 12 passagens criminais e seria um dos envolvidos no sequestro de uma mulher e da filha adolescente, de 13 anos, em Anal\u00e2ndia do Norte.<\/p>\n<p>Conforme o boletim de ocorr\u00eancia, a PM recebeu informa\u00e7\u00f5es de que Natalino estava escondido em uma casa pr\u00f3xima a uma carvoaria. Quando percebeu a chegada dos militares, ele correu para dentro do im\u00f3vel.<\/p>\n<p>Durante a tentativa de abordagem, o suspeito teria sacado uma arma, apontado contra os policiais e efetuado um disparo. A equipe reagiu e o atingiu.<\/p>\n<div class=\"g g-90\">\n<div class=\"g-single a-66\">\n<div style=\"position: relative; width: 100%;\">\n    <!-- Banner 3 --><\/p>\n<p>    <!-- Banner 4 --><\/p>\n<div id=\"banner4\" style=\"opacity: 0; transition: opacity 1s; width: 100%;\">\n        <a class=\"gofollow\" data-track=\"NjYsOTAsMSw2MA==\" href=\"https:\/\/www.instagram.com\/cdl.roo\" target=\"_blank\" rel=\"noopener\">&#13;<br \/>\n            &#13;<br \/>\n        <\/a>\n    <\/div>\n<\/div>\n<\/div>\n<\/div>\n<p>Os pr\u00f3prios militares prestaram os primeiros socorros e levaram Natalino ao Hospital Maria Z\u00e9lia, pois n\u00e3o havia ambul\u00e2ncia dispon\u00edvel naquele momento. Apesar do atendimento m\u00e9dico, ele n\u00e3o resistiu aos ferimentos.<\/p>\n<p>A PM apreendeu uma garrucha calibre .22 com uma muni\u00e7\u00e3o deflagrada. A equipe m\u00e9dica tamb\u00e9m encontrou outras cinco muni\u00e7\u00f5es intactas nas roupas do suspeito e as entregou \u00e0 pol\u00edcia.<\/p>\n<p><strong>M\u00e3e e filha mantidas em c\u00e1rcere<\/strong><\/p>\n<p>Horas antes do confronto, uma mulher de 27 anos denunciou que ela e a filha, de 13, foram mantidas em c\u00e1rcere privado e roubadas dentro da pr\u00f3pria resid\u00eancia.<\/p>\n<p>Segundo o relato registrado no boletim, Natalino e outro homem, identificado como Dhefferson, procuraram as v\u00edtimas na quinta-feira (27) e pediram acesso \u00e0 rede Wi-Fi. No dia seguinte, a dupla teria retornado e passado a amea\u00e7ar m\u00e3e e filha.<\/p>\n<p>Em determinado momento, os suspeitos obrigaram a mulher a sair da casa para buscar dinheiro e combust\u00edvel. Ao deixar o im\u00f3vel, ela conseguiu pedir ajuda \u00e0 Pol\u00edcia Militar.<\/p>\n<p>A adolescente contou aos policiais que Dhefferson teria cometido o estupro enquanto permaneceu sozinho com ela na resid\u00eancia. O caso envolve suspeitas de sequestro, c\u00e1rcere privado, roubo e estupro de vulner\u00e1vel e segue sob investiga\u00e7\u00e3o.<br \/>\n<!-- H&aacute; banners, eles s&atilde;o deficientes ou nenhum qualificado para este local! --><\/p>\n<\/p><\/div>\n<p><script async src=\"\/\/www.instagram.com\/embed.js\"><\/script><br \/>\n<br \/><br \/>\n<br \/><a href=\"https:\/\/rgtnews.com.br\/destaque\/bandido-que-sequestrou-mae-e-filha-atira-contra-a-pm-e-morre-em-confronto-em-mt-imagem-forte\/?utm_source=rss&#038;utm_medium=rss&#038;utm_campaign=bandido-que-sequestrou-mae-e-filha-atira-contra-a-pm-e-morre-em-confronto-em-mt-imagem-forte\">Fonte da Noticia <\/a><\/p>\n","protected":false},"excerpt":{"rendered":"<p>Natalino Monteiro, de 38 anos, conhecido como \u201cTigr\u00e3o\u201d, morreu ap\u00f3s entrar em confronto com a Pol\u00edcia Militar na madrugada de s\u00e1bado (29), em Marcel\u00e2ndia. Ele tinha 12 passagens criminais e seria um dos envolvidos no sequestro de uma mulher e da filha adolescente, de 13 anos, em Anal\u00e2ndia do Norte. Conforme o boletim de ocorr\u00eancia, [&hellip;]<\/p>\n","protected":false},"author":1,"featured_media":21341,"comment_status":"closed","ping_status":"closed","sticky":false,"template":"","format":"standard","meta":[],"categories":[1],"tags":[],"_links":{"self":[{"href":"https:\/\/ligana104.com.br\/2021\/wp-json\/wp\/v2\/posts\/21340"}],"collection":[{"href":"https:\/\/ligana104.com.br\/2021\/wp-json\/wp\/v2\/posts"}],"about":[{"href":"https:\/\/ligana104.com.br\/2021\/wp-json\/wp\/v2\/types\/post"}],"author":[{"embeddable":true,"href":"https:\/\/ligana104.com.br\/2021\/wp-json\/wp\/v2\/users\/1"}],"replies":[{"embeddable":true,"href":"https:\/\/ligana104.com.br\/2021\/wp-json\/wp\/v2\/comments?post=21340"}],"version-history":[{"count":1,"href":"https:\/\/ligana104.com.br\/2021\/wp-json\/wp\/v2\/posts\/21340\/revisions"}],"predecessor-version":[{"id":21342,"href":"https:\/\/ligana104.com.br\/2021\/wp-json\/wp\/v2\/posts\/21340\/revisions\/21342"}],"wp:featuredmedia":[{"embeddable":true,"href":"https:\/\/ligana104.com.br\/2021\/wp-json\/wp\/v2\/media\/21341"}],"wp:attachment":[{"href":"https:\/\/ligana104.com.br\/2021\/wp-json\/wp\/v2\/media?parent=21340"}],"wp:term":[{"taxonomy":"category","embeddable":true,"href":"https:\/\/ligana104.com.br\/2021\/wp-json\/wp\/v2\/categories?post=21340"},{"taxonomy":"post_tag","embeddable":true,"href":"https:\/\/ligana104.com.br\/2021\/wp-json\/wp\/v2\/tags?post=21340"}],"curies":[{"name":"wp","href":"https:\/\/api.w.org\/{rel}","templated":true}]}}