{"id":21334,"date":"2026-08-30T11:25:15","date_gmt":"2026-08-30T14:25:15","guid":{"rendered":"https:\/\/ligana104.com.br\/2021\/2026\/08\/30\/ex-prefeito-ve-onda-de-ataque-eleitoreiro-defende-wellington-e-diz-sempre-ajudou-minha-cidade\/"},"modified":"2026-08-30T11:25:16","modified_gmt":"2026-08-30T14:25:16","slug":"ex-prefeito-ve-onda-de-ataque-eleitoreiro-defende-wellington-e-diz-sempre-ajudou-minha-cidade","status":"publish","type":"post","link":"https:\/\/ligana104.com.br\/2021\/2026\/08\/30\/ex-prefeito-ve-onda-de-ataque-eleitoreiro-defende-wellington-e-diz-sempre-ajudou-minha-cidade\/","title":{"rendered":"Ex-prefeito v\u00ea onda de ataque eleitoreiro, defende Wellington e diz: &#8220;Sempre ajudou minha cidade&#8221;"},"content":{"rendered":"<p> <br \/>\n<\/p>\n<div>\n<p>O ex-prefeito e candidato a deputado estadual, Abmael Borges (PL), defendeu o correligion\u00e1rio, senador Wellington Fagundes, das acusa\u00e7\u00f5es do ex-prefeito de Porto Alegre do Norte, Daniel do Lago (PSDB), de que\u00a0<strong>sua equipe teria supostamente cobrado propina ap\u00f3s<\/strong>libera\u00e7\u00e3o de recursos para a cidade. Ele foi entrevistado pelo\u00a0RD News neste s\u00e1bado (29).<\/p>\n<p>Segundo Abmael, nunca presenciou ou recebeu propostas relacionadas \u00e0 corrup\u00e7\u00e3o, seja de senador, deputado estadual ou federal. Al\u00e9m disso, citou que Welligton tem perfil municipalista e insinuou que as acusa\u00e7\u00f5es de Daniel poderiam estar contaminadas por interesse eleitoral, j\u00e1 que ele \u00e9 candidato \u00e0 estadual e tamb\u00e9m apoia o governador \u00e0 reelei\u00e7\u00e3o, Otaviano Pivetta (Republicanos).<\/p>\n<p>\u201cO senador Wellington nunca me pediu nada em troca, nunca paguei um centavo de propina.\u00a0Nem para ele, nem para outro, para ser bem sincero.\u00a0Eu nunca devolvi dinheiro de mensa, nunca paguei propina. [Isso a\u00ed] \u00e9 politicagem\u201d, iniciou ele.<\/p>\n<div class=\"g g-90\">\n<div class=\"g-single a-66\">\n<div style=\"position: relative; width: 100%;\">\n    <!-- Banner 3 --><\/p>\n<p>    <!-- Banner 4 --><\/p>\n<div id=\"banner4\" style=\"opacity: 0; transition: opacity 1s; width: 100%;\">\n        <a class=\"gofollow\" data-track=\"NjYsOTAsMSw2MA==\" href=\"https:\/\/www.instagram.com\/cdl.roo\" target=\"_blank\" rel=\"noopener\">&#13;<br \/>\n            &#13;<br \/>\n        <\/a>\n    <\/div>\n<\/div>\n<\/div>\n<\/div>\n<p>Assim, o ex-prefeito detalhou investimentos na travessia urbana de Vila Rica e atua\u00e7\u00e3o para destravar recursos em Bras\u00edlia, sem nunca ter pedido nada em troca. \u201cPara mim, foi muito importante.\u00a0Inclusive, dentro do per\u00edodo da Covid-19, onde ele entrou em defesa do pagamento do FET [repasse de recursos da Uni\u00e3o para estados e munic\u00edpios como compensa\u00e7\u00e3o pela desonera\u00e7\u00e3o do ICMS]. O\u00a0meu munic\u00edpio recebeu um bom dinheiro.\u00a0E foi uma articula\u00e7\u00e3o do senador\u201d, disse o prefeito que atuou por 2 mandatos (2016 a 2024).<\/p>\n<p>Na den\u00fancia feita por Daniel durante uma entrevista em podcast, ele alega que sofreu retalia\u00e7\u00e3o ao recusar o pagamento de propina, tendo o \u201cPL\u201d tomado de suas m\u00e3os.<\/p>\n<p>Para Abmael, isso n\u00e3o seria verdade e que o impasse partid\u00e1rio envolvia o interesse de Daniel de emplacar pessoas de fora do PL no processo eleitoral de 2024, situa\u00e7\u00e3o que n\u00e3o foi aceita pela lideran\u00e7a estadual. \u201cO ex-prefeito Daniel passou por um per\u00edodo muito curto pelo PL.\u00a0Ele nunca, na verdade, foi PL, nunca foi direita.\u00a0Vem do PDT, passou por um per\u00edodo muito curto\u201d, frisou.<\/p>\n<p>A assessoria de Wellington sustenta que vers\u00e3o de Daniel \u00e9 inver\u00eddica, pois ele sequer teria mencionado os autores da suposta cobran\u00e7a.<\/p>\n<p>V\u00eddeo:<\/p>\n<figure class=\"wp-block-video\"><video height=\"1920\" style=\"aspect-ratio: 1080 \/ 1920;\" width=\"1080\" controls=\"\" src=\"https:\/\/rgtnews.com.br\/wp-content\/uploads\/2026\/08\/IMG_3694.mov\"\/><\/figure>\n<p><!-- H&aacute; banners, eles s&atilde;o deficientes ou nenhum qualificado para este local! --><\/p>\n<\/p><\/div>\n<p><script async src=\"\/\/www.instagram.com\/embed.js\"><\/script><br \/>\n<br \/><br \/>\n<br \/><a href=\"https:\/\/rgtnews.com.br\/destaque\/ex-prefeito-ve-onda-de-ataque-eleitoreiro-defende-wellington-e-diz-sempre-ajudou-minha-cidade\/?utm_source=rss&#038;utm_medium=rss&#038;utm_campaign=ex-prefeito-ve-onda-de-ataque-eleitoreiro-defende-wellington-e-diz-sempre-ajudou-minha-cidade\">Fonte da Noticia <\/a><\/p>\n","protected":false},"excerpt":{"rendered":"<p>O ex-prefeito e candidato a deputado estadual, Abmael Borges (PL), defendeu o correligion\u00e1rio, senador Wellington Fagundes, das acusa\u00e7\u00f5es do ex-prefeito de Porto Alegre do Norte, Daniel do Lago (PSDB), de que\u00a0sua equipe teria supostamente cobrado propina ap\u00f3slibera\u00e7\u00e3o de recursos para a cidade. Ele foi entrevistado pelo\u00a0RD News neste s\u00e1bado (29). Segundo Abmael, nunca presenciou ou [&hellip;]<\/p>\n","protected":false},"author":1,"featured_media":21335,"comment_status":"closed","ping_status":"closed","sticky":false,"template":"","format":"standard","meta":[],"categories":[1],"tags":[],"_links":{"self":[{"href":"https:\/\/ligana104.com.br\/2021\/wp-json\/wp\/v2\/posts\/21334"}],"collection":[{"href":"https:\/\/ligana104.com.br\/2021\/wp-json\/wp\/v2\/posts"}],"about":[{"href":"https:\/\/ligana104.com.br\/2021\/wp-json\/wp\/v2\/types\/post"}],"author":[{"embeddable":true,"href":"https:\/\/ligana104.com.br\/2021\/wp-json\/wp\/v2\/users\/1"}],"replies":[{"embeddable":true,"href":"https:\/\/ligana104.com.br\/2021\/wp-json\/wp\/v2\/comments?post=21334"}],"version-history":[{"count":1,"href":"https:\/\/ligana104.com.br\/2021\/wp-json\/wp\/v2\/posts\/21334\/revisions"}],"predecessor-version":[{"id":21336,"href":"https:\/\/ligana104.com.br\/2021\/wp-json\/wp\/v2\/posts\/21334\/revisions\/21336"}],"wp:featuredmedia":[{"embeddable":true,"href":"https:\/\/ligana104.com.br\/2021\/wp-json\/wp\/v2\/media\/21335"}],"wp:attachment":[{"href":"https:\/\/ligana104.com.br\/2021\/wp-json\/wp\/v2\/media?parent=21334"}],"wp:term":[{"taxonomy":"category","embeddable":true,"href":"https:\/\/ligana104.com.br\/2021\/wp-json\/wp\/v2\/categories?post=21334"},{"taxonomy":"post_tag","embeddable":true,"href":"https:\/\/ligana104.com.br\/2021\/wp-json\/wp\/v2\/tags?post=21334"}],"curies":[{"name":"wp","href":"https:\/\/api.w.org\/{rel}","templated":true}]}}