{"id":17133,"date":"2026-04-29T21:26:08","date_gmt":"2026-04-30T00:26:08","guid":{"rendered":"https:\/\/ligana104.com.br\/2021\/2026\/04\/29\/jovem-e-morto-com-o-proprio-cadarco-por-amigos-ligados-a-faccao-e-enterrado-em-cova-video\/"},"modified":"2026-04-29T21:26:08","modified_gmt":"2026-04-30T00:26:08","slug":"jovem-e-morto-com-o-proprio-cadarco-por-amigos-ligados-a-faccao-e-enterrado-em-cova-video","status":"publish","type":"post","link":"https:\/\/ligana104.com.br\/2021\/2026\/04\/29\/jovem-e-morto-com-o-proprio-cadarco-por-amigos-ligados-a-faccao-e-enterrado-em-cova-video\/","title":{"rendered":"Jovem \u00e9 morto com o pr\u00f3prio cadar\u00e7o por \u201camigos\u201d ligados a fac\u00e7\u00e3o e enterrado em cova; v\u00eddeo"},"content":{"rendered":"<p> <br \/>\n<\/p>\n<p>A Pol\u00edcia Civil localizou, na tarde desta ter\u00e7a-feira (29), o corpo de um jovem de 21 anos enterrado em uma cova profunda nas imedia\u00e7\u00f5es do Rio Lira, na regi\u00e3o conhecida como \u201cpo\u00e7\u00e3o\u201d, em Sorriso (MT). O rapaz estava desaparecido desde o in\u00edcio do m\u00eas e acabou assassinado por um grupo criminoso.<\/p>\n<p>De acordo com informa\u00e7\u00f5es da Pol\u00edcia Civil, o crime teria motiva\u00e7\u00e3o ligada a uma tatuagem de yin-yang que a v\u00edtima possu\u00eda no peito. Os pr\u00f3prios conhecidos interpretaram o s\u00edmbolo como liga\u00e7\u00e3o com uma fac\u00e7\u00e3o rival. O delegado relatou que os suspeitos levaram o jovem at\u00e9 o local com a justificativa de que ele apenas receberia uma puni\u00e7\u00e3o, por\u00e9m o grupo realizou o estrangulamento com o cadar\u00e7o do pr\u00f3prio sapato e, em seguida, enterrou o corpo.<\/p>\n<p>Ainda conforme a Pol\u00edcia Civil, tr\u00eas pessoas participaram do crime. Um dos envolvidos j\u00e1 est\u00e1 preso, enquanto os outros dois acabaram detidos recentemente por tr\u00e1fico de drogas. O \u00faltimo suspeito teve o paradeiro confirmado em Lucas do Rio Verde, onde ocorreu a pris\u00e3o em flagrante. Ele colaborou com as equipes e indicou o local onde o corpo estava enterrado.<\/p>\n<p>A per\u00edcia t\u00e9cnica encaminhou o corpo para exame de necropsia. Ap\u00f3s os procedimentos, haver\u00e1 libera\u00e7\u00e3o para a fam\u00edlia realizar o vel\u00f3rio. Os suspeitos devem passar por audi\u00eancia de cust\u00f3dia e responder pelos crimes de homic\u00eddio e oculta\u00e7\u00e3o de cad\u00e1ver.<\/p>\n<blockquote class=\"instagram-media\" data-instgrm-captioned data-instgrm-permalink=\"https:\/\/www.instagram.com\/reel\/DXukRi0RCjk\/?utm_source=ig_embed&amp;utm_campaign=loading\" data-instgrm-version=\"14\" style=\"background:#FFF;border:0;border-radius:3px;margin: 1px;max-width:540px;min-width:326px;padding:0;width:99.375%;width:-webkit-calc(100% - 2px);width:calc(100% - 2px)\">\n<div style=\"padding:16px\"> <a href=\"https:\/\/www.instagram.com\/reel\/DXukRi0RCjk\/?utm_source=ig_embed&amp;utm_campaign=loading\" style=\"background:#FFFFFF;line-height:0;padding:0 0;text-align:center;text-decoration:none;width:100%\" target=\"_blank\" rel=\"noopener\"> <\/p>\n<div style=\"flex-direction: row;align-items: center\">\n<div style=\"background-color: #F4F4F4;border-radius: 50%;flex-grow: 0;height: 40px;margin-right: 14px;width: 40px\"><\/div>\n<div style=\"flex-direction: column;flex-grow: 1;justify-content: center\">\n<div style=\"background-color: #F4F4F4;border-radius: 4px;flex-grow: 0;height: 14px;margin-bottom: 6px;width: 100px\"><\/div>\n<div style=\"background-color: #F4F4F4;border-radius: 4px;flex-grow: 0;height: 14px;width: 60px\"><\/div>\n<\/div>\n<\/div>\n<div style=\"padding: 19% 0\"><\/div>\n<div style=\"height:50px;margin:0 auto 12px;width:50px\"><\/div>\n<div style=\"padding-top: 8px\">\n<div style=\"color:#3897f0;font-family:Arial,sans-serif;font-size:14px;font-style:normal;font-weight:550;line-height:18px\">Ver essa foto no Instagram<\/div>\n<\/div>\n<div style=\"padding: 12.5% 0\"><\/div>\n<div style=\"flex-direction: row;margin-bottom: 14px;align-items: center\">\n<div>\n<div style=\"background-color: #F4F4F4;border-radius: 50%;height: 12.5px;width: 12.5px\"><\/div>\n<div style=\"background-color: #F4F4F4;height: 12.5px;width: 12.5px;flex-grow: 0;margin-right: 14px;margin-left: 2px\"><\/div>\n<div style=\"background-color: #F4F4F4;border-radius: 50%;height: 12.5px;width: 12.5px\"><\/div>\n<\/div>\n<div style=\"margin-left: 8px\">\n<div style=\"background-color: #F4F4F4;border-radius: 50%;flex-grow: 0;height: 20px;width: 20px\"><\/div>\n<div style=\"width: 0;height: 0;border-top: 2px solid transparent;border-left: 6px solid #f4f4f4;border-bottom: 2px solid transparent\"><\/div>\n<\/div>\n<div style=\"margin-left: auto\">\n<div style=\"width: 0px;border-top: 8px solid #F4F4F4;border-right: 8px solid transparent\"><\/div>\n<div style=\"background-color: #F4F4F4;flex-grow: 0;height: 12px;width: 16px\"><\/div>\n<div style=\"width: 0;height: 0;border-top: 8px solid #F4F4F4;border-left: 8px solid transparent\"><\/div>\n<\/div>\n<\/div>\n<div style=\"flex-direction: column;flex-grow: 1;justify-content: center;margin-bottom: 24px\">\n<div style=\"background-color: #F4F4F4;border-radius: 4px;flex-grow: 0;height: 14px;margin-bottom: 6px;width: 224px\"><\/div>\n<div style=\"background-color: #F4F4F4;border-radius: 4px;flex-grow: 0;height: 14px;width: 144px\"><\/div>\n<\/div>\n<p><\/a><\/p>\n<p style=\"color:#c9c8cd;font-family:Arial,sans-serif;font-size:14px;line-height:17px;margin-bottom:0;margin-top:8px;overflow:hidden;padding:8px 0 7px;text-align:center\"><a href=\"https:\/\/www.instagram.com\/reel\/DXukRi0RCjk\/?utm_source=ig_embed&amp;utm_campaign=loading\" style=\"color:#c9c8cd;font-family:Arial,sans-serif;font-size:14px;font-style:normal;font-weight:normal;line-height:17px;text-decoration:none\" target=\"_blank\" rel=\"noopener\">Um post compartilhado por Rafael Silva (@reporterrafaelsilva)<\/a><\/p>\n<\/div>\n<\/blockquote>\n<p><script async src=\"\/\/www.instagram.com\/embed.js\"><\/script><br \/>\n<br \/><br \/>\n<br \/><a href=\"https:\/\/rgtnews.com.br\/noticias\/policia\/corpo-de-jovem-morto-com-o-proprio-cadarco-pelos-amigos-faccionados-e-encontrado-em-mt-video\/?utm_source=rss&#038;utm_medium=rss&#038;utm_campaign=corpo-de-jovem-morto-com-o-proprio-cadarco-pelos-amigos-faccionados-e-encontrado-em-mt-video\">Fonte da Noticia <\/a><\/p>\n","protected":false},"excerpt":{"rendered":"<p>A Pol\u00edcia Civil localizou, na tarde desta ter\u00e7a-feira (29), o corpo de um jovem de 21 anos enterrado em uma cova profunda nas imedia\u00e7\u00f5es do Rio Lira, na regi\u00e3o conhecida como \u201cpo\u00e7\u00e3o\u201d, em Sorriso (MT). O rapaz estava desaparecido desde o in\u00edcio do m\u00eas e acabou assassinado por um grupo criminoso. De acordo com informa\u00e7\u00f5es [&hellip;]<\/p>\n","protected":false},"author":1,"featured_media":17134,"comment_status":"closed","ping_status":"closed","sticky":false,"template":"","format":"standard","meta":[],"categories":[1],"tags":[],"_links":{"self":[{"href":"https:\/\/ligana104.com.br\/2021\/wp-json\/wp\/v2\/posts\/17133"}],"collection":[{"href":"https:\/\/ligana104.com.br\/2021\/wp-json\/wp\/v2\/posts"}],"about":[{"href":"https:\/\/ligana104.com.br\/2021\/wp-json\/wp\/v2\/types\/post"}],"author":[{"embeddable":true,"href":"https:\/\/ligana104.com.br\/2021\/wp-json\/wp\/v2\/users\/1"}],"replies":[{"embeddable":true,"href":"https:\/\/ligana104.com.br\/2021\/wp-json\/wp\/v2\/comments?post=17133"}],"version-history":[{"count":1,"href":"https:\/\/ligana104.com.br\/2021\/wp-json\/wp\/v2\/posts\/17133\/revisions"}],"predecessor-version":[{"id":17135,"href":"https:\/\/ligana104.com.br\/2021\/wp-json\/wp\/v2\/posts\/17133\/revisions\/17135"}],"wp:featuredmedia":[{"embeddable":true,"href":"https:\/\/ligana104.com.br\/2021\/wp-json\/wp\/v2\/media\/17134"}],"wp:attachment":[{"href":"https:\/\/ligana104.com.br\/2021\/wp-json\/wp\/v2\/media?parent=17133"}],"wp:term":[{"taxonomy":"category","embeddable":true,"href":"https:\/\/ligana104.com.br\/2021\/wp-json\/wp\/v2\/categories?post=17133"},{"taxonomy":"post_tag","embeddable":true,"href":"https:\/\/ligana104.com.br\/2021\/wp-json\/wp\/v2\/tags?post=17133"}],"curies":[{"name":"wp","href":"https:\/\/api.w.org\/{rel}","templated":true}]}}