{"id":17127,"date":"2026-04-29T19:24:00","date_gmt":"2026-04-29T22:24:00","guid":{"rendered":"https:\/\/ligana104.com.br\/2021\/2026\/04\/29\/derrota-historica-para-o-governo-lula-senado-rejeita-nome-de-jorge-messias-para-o-stf\/"},"modified":"2026-04-29T19:24:01","modified_gmt":"2026-04-29T22:24:01","slug":"derrota-historica-para-o-governo-lula-senado-rejeita-nome-de-jorge-messias-para-o-stf","status":"publish","type":"post","link":"https:\/\/ligana104.com.br\/2021\/2026\/04\/29\/derrota-historica-para-o-governo-lula-senado-rejeita-nome-de-jorge-messias-para-o-stf\/","title":{"rendered":"Derrota hist\u00f3rica para o governo Lula: Senado rejeita nome de Jorge Messias para o STF"},"content":{"rendered":"<p> <br \/>\n<\/p>\n<div>\n<p>O Senado rejeitou a indica\u00e7\u00e3o do advogado-geral da Uni\u00e3o, Jorge Messias, para o Supremo Tribunal Federal, nesta quarta-feira (29), em uma vota\u00e7\u00e3o marcada por tens\u00e3o pol\u00edtica e articula\u00e7\u00e3o intensa do governo. O placar foi de 42 votos a contr\u00e1rios e 34 votos a favor.<\/p>\n<p>O Advogado-Geral da Uni\u00e3o, nome do indicado pelo presidente Luiz In\u00e1cio Lula da Silva (PT), passou por uma sabatina de quase 8 horas na Comiss\u00e3o de Constitui\u00e7\u00e3o e Justi\u00e7a, e recebeu 16 votos favor\u00e1veis \u00e0 sua condu\u00e7\u00e3o \u00e0 cadeira deixada pelo ministro Lu\u00eds Roberto Barroso.<br \/>\n<!-- H&aacute; banners, eles s&atilde;o deficientes ou nenhum qualificado para este local! --><\/p>\n<\/p><\/div>\n<p><br \/>\n<br \/><a href=\"https:\/\/rgtnews.com.br\/destaque\/derrota-historica-para-o-governo-lula-senado-rejeita-nome-de-jorge-messias-para-o-stf\/?utm_source=rss&#038;utm_medium=rss&#038;utm_campaign=derrota-historica-para-o-governo-lula-senado-rejeita-nome-de-jorge-messias-para-o-stf\">Fonte da Noticia <\/a><\/p>\n","protected":false},"excerpt":{"rendered":"<p>O Senado rejeitou a indica\u00e7\u00e3o do advogado-geral da Uni\u00e3o, Jorge Messias, para o Supremo Tribunal Federal, nesta quarta-feira (29), em uma vota\u00e7\u00e3o marcada por tens\u00e3o pol\u00edtica e articula\u00e7\u00e3o intensa do governo. O placar foi de 42 votos a contr\u00e1rios e 34 votos a favor. O Advogado-Geral da Uni\u00e3o, nome do indicado pelo presidente Luiz In\u00e1cio [&hellip;]<\/p>\n","protected":false},"author":1,"featured_media":17128,"comment_status":"closed","ping_status":"closed","sticky":false,"template":"","format":"standard","meta":[],"categories":[1],"tags":[],"_links":{"self":[{"href":"https:\/\/ligana104.com.br\/2021\/wp-json\/wp\/v2\/posts\/17127"}],"collection":[{"href":"https:\/\/ligana104.com.br\/2021\/wp-json\/wp\/v2\/posts"}],"about":[{"href":"https:\/\/ligana104.com.br\/2021\/wp-json\/wp\/v2\/types\/post"}],"author":[{"embeddable":true,"href":"https:\/\/ligana104.com.br\/2021\/wp-json\/wp\/v2\/users\/1"}],"replies":[{"embeddable":true,"href":"https:\/\/ligana104.com.br\/2021\/wp-json\/wp\/v2\/comments?post=17127"}],"version-history":[{"count":1,"href":"https:\/\/ligana104.com.br\/2021\/wp-json\/wp\/v2\/posts\/17127\/revisions"}],"predecessor-version":[{"id":17129,"href":"https:\/\/ligana104.com.br\/2021\/wp-json\/wp\/v2\/posts\/17127\/revisions\/17129"}],"wp:featuredmedia":[{"embeddable":true,"href":"https:\/\/ligana104.com.br\/2021\/wp-json\/wp\/v2\/media\/17128"}],"wp:attachment":[{"href":"https:\/\/ligana104.com.br\/2021\/wp-json\/wp\/v2\/media?parent=17127"}],"wp:term":[{"taxonomy":"category","embeddable":true,"href":"https:\/\/ligana104.com.br\/2021\/wp-json\/wp\/v2\/categories?post=17127"},{"taxonomy":"post_tag","embeddable":true,"href":"https:\/\/ligana104.com.br\/2021\/wp-json\/wp\/v2\/tags?post=17127"}],"curies":[{"name":"wp","href":"https:\/\/api.w.org\/{rel}","templated":true}]}}