{"id":17124,"date":"2026-04-29T18:20:10","date_gmt":"2026-04-29T21:20:10","guid":{"rendered":"https:\/\/ligana104.com.br\/2021\/2026\/04\/29\/messias-e-aprovado-para-o-stf-na-ccj-do-senado\/"},"modified":"2026-04-29T18:20:11","modified_gmt":"2026-04-29T21:20:11","slug":"messias-e-aprovado-para-o-stf-na-ccj-do-senado","status":"publish","type":"post","link":"https:\/\/ligana104.com.br\/2021\/2026\/04\/29\/messias-e-aprovado-para-o-stf-na-ccj-do-senado\/","title":{"rendered":"Messias \u00e9 aprovado para o STF na CCJ do Senado"},"content":{"rendered":"<p> <br \/>\n<\/p>\n<div>\n<p>O ministro-chefe da Advocacia-Geral da Uni\u00e3o (AGU),\u00a0<strong><strong>Jorge Messias<\/strong><\/strong>, teve seu nome aprovado para o cargo de ministro do Supremo Tribunal Federal (STF) depois de passar por uma sabatina de mais de 8 horas na Comiss\u00e3o de Constitui\u00e7\u00e3o e Justi\u00e7a (CCJ) do Senado Federal.<\/p>\n<p>Messias recebeu 16 votos a favor e 11 contr\u00e1rios. A aprova\u00e7\u00e3o ocorreu na tarde desta quarta-feira, 29. Para conseguir um ambiente mais favor\u00e1vel, o governo do presidente\u00a0<strong><strong>Luiz In\u00e1cio Lula da Silva<\/strong><\/strong>\u00a0articulou mudan\u00e7as no blocos parlamentares para aumentar a base na CCJ.<\/p>\n<p>Na sabatina, Messias precisou falar sobre temas sens\u00edveis e pol\u00eamicos como: condena\u00e7\u00e3o dos manifestante do 8 de janeiro; anistia; suposta interfer\u00eancia do STF na pauta da dosimetria; e aborto.<\/p>\n<p>Al\u00e9m dos temas relacionados ao 8 de janeiro de 2023, os senadores perguntaram sobre o caso do Banco Master e o poss\u00edvel envolvimento de ministros do Supremo com o banqueiro Daniel Vorcaro.<\/p>\n<p>A partir da aprova\u00e7\u00e3o na comiss\u00e3o, o advogado-geral da Uni\u00e3o precisa ter seu nome referendado em vota\u00e7\u00e3o no plen\u00e1rio do Senado por pelo menos 41 votos. Se aprovado, vai assumir a vaga aberta com a aposentadoria antecipada de Lu\u00eds Roberto Barroso. Messias tem 46 anos e poder\u00e1 ficar no tribunal at\u00e9 completar 75, ou seja, pelos pr\u00f3ximos 29 anos.<\/p>\n<h2 class=\"wp-block-heading\"><strong>Quem \u00e9 Jorge Messias<\/strong><\/h2>\n<p>Pernambucano de Recife, Messias tem 46 anos e formou-se em Direito pela Universidade Federal de Pernambuco (UFPE), e concluiu mestrado na Universidade de Bras\u00edlia (UnB).<\/p>\n<p>Em 2007, ingressou na Advocacia-Geral da Uni\u00e3o como procurador da Fazenda Nacional, cargo respons\u00e1vel por cobrar d\u00edvidas fiscais de contribuintes inadimplentes com a Uni\u00e3o.<\/p>\n<p>Ao longo da trajet\u00f3ria no servi\u00e7o p\u00fablico, assumiu postos estrat\u00e9gicos no Executivo. Atuou como subchefe para Assuntos Jur\u00eddicos da Presid\u00eancia da Rep\u00fablica, secret\u00e1rio de Regula\u00e7\u00e3o e Supervis\u00e3o da Educa\u00e7\u00e3o Superior no Minist\u00e9rio da Educa\u00e7\u00e3o e consultor jur\u00eddico dos minist\u00e9rios da Educa\u00e7\u00e3o e da Ci\u00eancia, Tecnologia e Inova\u00e7\u00e3o. Tamb\u00e9m exerceu fun\u00e7\u00f5es jur\u00eddicas no Banco Central e no BNDES.<\/p>\n<p>Em 2022, integrou a equipe de transi\u00e7\u00e3o do presidente Luiz In\u00e1cio Lula da Silva. No fim daquele ano, o governo o anunciou para comandar a AGU, cargo no qual tomou posse em janeiro de 2023.<\/p>\n<p>\u00c0 frente da AGU, Jorge Messias foi o primeiro a pedir a pris\u00e3o preventiva de envolvidos nos atos do 8 de janeiro de 2023.<br \/>\n<!-- H&aacute; banners, eles s&atilde;o deficientes ou nenhum qualificado para este local! --><\/p>\n<\/p><\/div>\n<p><br \/>\n<br \/><a href=\"https:\/\/rgtnews.com.br\/noticias\/politica\/messias-e-aprovado-para-o-stf-na-ccj-do-senado\/?utm_source=rss&#038;utm_medium=rss&#038;utm_campaign=messias-e-aprovado-para-o-stf-na-ccj-do-senado\">Fonte da Noticia <\/a><\/p>\n","protected":false},"excerpt":{"rendered":"<p>O ministro-chefe da Advocacia-Geral da Uni\u00e3o (AGU),\u00a0Jorge Messias, teve seu nome aprovado para o cargo de ministro do Supremo Tribunal Federal (STF) depois de passar por uma sabatina de mais de 8 horas na Comiss\u00e3o de Constitui\u00e7\u00e3o e Justi\u00e7a (CCJ) do Senado Federal. Messias recebeu 16 votos a favor e 11 contr\u00e1rios. A aprova\u00e7\u00e3o ocorreu [&hellip;]<\/p>\n","protected":false},"author":1,"featured_media":17125,"comment_status":"closed","ping_status":"closed","sticky":false,"template":"","format":"standard","meta":[],"categories":[1],"tags":[],"_links":{"self":[{"href":"https:\/\/ligana104.com.br\/2021\/wp-json\/wp\/v2\/posts\/17124"}],"collection":[{"href":"https:\/\/ligana104.com.br\/2021\/wp-json\/wp\/v2\/posts"}],"about":[{"href":"https:\/\/ligana104.com.br\/2021\/wp-json\/wp\/v2\/types\/post"}],"author":[{"embeddable":true,"href":"https:\/\/ligana104.com.br\/2021\/wp-json\/wp\/v2\/users\/1"}],"replies":[{"embeddable":true,"href":"https:\/\/ligana104.com.br\/2021\/wp-json\/wp\/v2\/comments?post=17124"}],"version-history":[{"count":1,"href":"https:\/\/ligana104.com.br\/2021\/wp-json\/wp\/v2\/posts\/17124\/revisions"}],"predecessor-version":[{"id":17126,"href":"https:\/\/ligana104.com.br\/2021\/wp-json\/wp\/v2\/posts\/17124\/revisions\/17126"}],"wp:featuredmedia":[{"embeddable":true,"href":"https:\/\/ligana104.com.br\/2021\/wp-json\/wp\/v2\/media\/17125"}],"wp:attachment":[{"href":"https:\/\/ligana104.com.br\/2021\/wp-json\/wp\/v2\/media?parent=17124"}],"wp:term":[{"taxonomy":"category","embeddable":true,"href":"https:\/\/ligana104.com.br\/2021\/wp-json\/wp\/v2\/categories?post=17124"},{"taxonomy":"post_tag","embeddable":true,"href":"https:\/\/ligana104.com.br\/2021\/wp-json\/wp\/v2\/tags?post=17124"}],"curies":[{"name":"wp","href":"https:\/\/api.w.org\/{rel}","templated":true}]}}