{"id":17121,"date":"2026-04-29T17:16:48","date_gmt":"2026-04-29T20:16:48","guid":{"rendered":"https:\/\/ligana104.com.br\/2021\/2026\/04\/29\/faccionados-matam-rival-em-ataque-brutal-e-sao-presos-em-rondonopolis-video-prisao\/"},"modified":"2026-04-29T17:16:49","modified_gmt":"2026-04-29T20:16:49","slug":"faccionados-matam-rival-em-ataque-brutal-e-sao-presos-em-rondonopolis-video-prisao","status":"publish","type":"post","link":"https:\/\/ligana104.com.br\/2021\/2026\/04\/29\/faccionados-matam-rival-em-ataque-brutal-e-sao-presos-em-rondonopolis-video-prisao\/","title":{"rendered":"Faccionados matam rival em ataque brutal e s\u00e3o presos em Rondon\u00f3polis; v\u00eddeo pris\u00e3o"},"content":{"rendered":"<p> <br \/>\n<\/p>\n<div>\n<p>A For\u00e7a T\u00e1tica da Pol\u00edcia Militar prendeu dois suspeitos de envolvimento no assassinato de um jovem de 23 anos, ocorrido na madrugada desta ter\u00e7a-feira (28), em Pedro Gomes (MS). As pris\u00f5es aconteceram ainda na noite do mesmo dia, nos bairros Monte L\u00edbano e Jardim Santa F\u00e9, em Rondon\u00f3polis, ap\u00f3s troca de informa\u00e7\u00f5es entre as intelig\u00eancias policiais dos dois estados.<\/p>\n<p>De acordo com dados do boletim de ocorr\u00eancia, equipes receberam informa\u00e7\u00f5es da Ag\u00eancia Regional de Intelig\u00eancia e da Ag\u00eancia Local de Intelig\u00eancia apontando que um ve\u00edculo Volkswagen Voyage branco, ligado ao crime, pertencia a um morador de Rondon\u00f3polis. Os policiais localizaram o endere\u00e7o e abordaram um homem de 26 anos, que admitiu ter atuado como motorista de aplicativo. Ele relatou que levou dois passageiros at\u00e9 Mato Grosso do Sul j\u00e1 sabendo que cometeriam um crime e recebeu R$ 2 mil via PIX pelo transporte.<\/p>\n<p>Na sequ\u00eancia, os militares avan\u00e7aram nas dilig\u00eancias e chegaram at\u00e9 o ponto onde os suspeitos embarcaram. J\u00e1 no bairro Jardim Santa F\u00e9, dois indiv\u00edduos tentaram fugir ao perceber a presen\u00e7a policial, pulando o muro de uma resid\u00eancia. O cerco montado pelas equipes impediu a fuga total e um jovem de 18 anos acabou detido. Durante a abordagem, ele confessou participa\u00e7\u00e3o direta no homic\u00eddio e citou outros envolvidos.<\/p>\n<p>Segundo o relato, o grupo abordou a v\u00edtima, amarrou e levou at\u00e9 uma \u00e1rea de mata, onde realizou a execu\u00e7\u00e3o com golpes de faca. Um rev\u00f3lver calibre .38 teria sido utilizado apenas para rendi\u00e7\u00e3o. Ainda conforme a confiss\u00e3o, o crime teria sido encomendado por um indiv\u00edduo identificado como \u201cNelinho\u201d, com participa\u00e7\u00e3o de membros de fac\u00e7\u00e3o criminosa com atua\u00e7\u00e3o em Mato Grosso.<\/p>\n<p>Os dois presos seguiram encaminhados \u00e0 1\u00aa Delegacia de Pol\u00edcia Civil, onde permanecem \u00e0 disposi\u00e7\u00e3o da Justi\u00e7a.<\/p>\n<p>V\u00eddeo<\/p>\n<figure class=\"wp-block-video\"><video controls=\"\" src=\"https:\/\/rgtnews.com.br\/wp-content\/uploads\/2026\/04\/snapinsta.com_.br-69f20569bb9dc.mp4\"\/><\/figure>\n<p><!-- H&aacute; banners, eles s&atilde;o deficientes ou nenhum qualificado para este local! --><\/p>\n<\/p><\/div>\n<p><br \/>\n<br \/><a href=\"https:\/\/rgtnews.com.br\/destaque\/faccionados-executam-rivais-em-guerra-de-faccoes-e-acabam-presos-em-rondonopolis-video-mostra-prisao\/?utm_source=rss&#038;utm_medium=rss&#038;utm_campaign=faccionados-executam-rivais-em-guerra-de-faccoes-e-acabam-presos-em-rondonopolis-video-mostra-prisao\">Fonte da Noticia <\/a><\/p>\n","protected":false},"excerpt":{"rendered":"<p>A For\u00e7a T\u00e1tica da Pol\u00edcia Militar prendeu dois suspeitos de envolvimento no assassinato de um jovem de 23 anos, ocorrido na madrugada desta ter\u00e7a-feira (28), em Pedro Gomes (MS). As pris\u00f5es aconteceram ainda na noite do mesmo dia, nos bairros Monte L\u00edbano e Jardim Santa F\u00e9, em Rondon\u00f3polis, ap\u00f3s troca de informa\u00e7\u00f5es entre as intelig\u00eancias [&hellip;]<\/p>\n","protected":false},"author":1,"featured_media":17122,"comment_status":"closed","ping_status":"closed","sticky":false,"template":"","format":"standard","meta":[],"categories":[1],"tags":[],"_links":{"self":[{"href":"https:\/\/ligana104.com.br\/2021\/wp-json\/wp\/v2\/posts\/17121"}],"collection":[{"href":"https:\/\/ligana104.com.br\/2021\/wp-json\/wp\/v2\/posts"}],"about":[{"href":"https:\/\/ligana104.com.br\/2021\/wp-json\/wp\/v2\/types\/post"}],"author":[{"embeddable":true,"href":"https:\/\/ligana104.com.br\/2021\/wp-json\/wp\/v2\/users\/1"}],"replies":[{"embeddable":true,"href":"https:\/\/ligana104.com.br\/2021\/wp-json\/wp\/v2\/comments?post=17121"}],"version-history":[{"count":1,"href":"https:\/\/ligana104.com.br\/2021\/wp-json\/wp\/v2\/posts\/17121\/revisions"}],"predecessor-version":[{"id":17123,"href":"https:\/\/ligana104.com.br\/2021\/wp-json\/wp\/v2\/posts\/17121\/revisions\/17123"}],"wp:featuredmedia":[{"embeddable":true,"href":"https:\/\/ligana104.com.br\/2021\/wp-json\/wp\/v2\/media\/17122"}],"wp:attachment":[{"href":"https:\/\/ligana104.com.br\/2021\/wp-json\/wp\/v2\/media?parent=17121"}],"wp:term":[{"taxonomy":"category","embeddable":true,"href":"https:\/\/ligana104.com.br\/2021\/wp-json\/wp\/v2\/categories?post=17121"},{"taxonomy":"post_tag","embeddable":true,"href":"https:\/\/ligana104.com.br\/2021\/wp-json\/wp\/v2\/tags?post=17121"}],"curies":[{"name":"wp","href":"https:\/\/api.w.org\/{rel}","templated":true}]}}