{"id":17118,"date":"2026-04-29T16:13:06","date_gmt":"2026-04-29T19:13:06","guid":{"rendered":"https:\/\/ligana104.com.br\/2021\/2026\/04\/29\/menor-sequestrado-e-torturado-cava-a-propria-cova-e-diz-que-seria-executado-pelo-cv-em-mt-assista\/"},"modified":"2026-04-29T16:13:08","modified_gmt":"2026-04-29T19:13:08","slug":"menor-sequestrado-e-torturado-cava-a-propria-cova-e-diz-que-seria-executado-pelo-cv-em-mt-assista","status":"publish","type":"post","link":"https:\/\/ligana104.com.br\/2021\/2026\/04\/29\/menor-sequestrado-e-torturado-cava-a-propria-cova-e-diz-que-seria-executado-pelo-cv-em-mt-assista\/","title":{"rendered":"Menor sequestrado \u00e9 torturado, cava a pr\u00f3pria cova e diz que seria executado pelo CV em MT; assista"},"content":{"rendered":"<p> <br \/>\n<\/p>\n<p>A Pol\u00edcia Militar resgatou um adolescente de 12 anos na tarde de sexta-feira (24), ap\u00f3s criminosos do CV sequestrarem o menor e manterem ele em c\u00e1rcere privado no bairro Vila Arthur, em V\u00e1rzea Grande. Os suspeitos planejavam executar o garoto sob acusa\u00e7\u00e3o de furtos na regi\u00e3o.<\/p>\n<p>De acordo com as informa\u00e7\u00f5es, equipes realizavam patrulhamento quando moradores denunciaram que v\u00e1rios homens arrastavam o menino \u00e0 for\u00e7a, segurando pelos bra\u00e7os, at\u00e9 uma casa na Rua dos Oper\u00e1rios. No local, os policiais flagraram quatro suspeitos mantendo a v\u00edtima sob conten\u00e7\u00e3o. O grupo integra uma fac\u00e7\u00e3o criminosa e preparava um \u201ctribunal do crime\u201d, pr\u00e1tica usada para julgar e punir v\u00edtimas com tortura.<\/p>\n<p>Durante a abordagem, o adolescente contou que os criminosos j\u00e1 tinham decidido pela morte dele e que enterrariam o corpo em uma \u00e1rea conhecida como \u201cFazendinha\u201d. Ainda segundo o relato, os suspeitos obrigaram o garoto a cavar a pr\u00f3pria cova com ferramentas encontradas na resid\u00eancia, como p\u00e1, picareta e enxada. Ele apresentava v\u00e1rias les\u00f5es no rosto e sinais de agress\u00e3o.<\/p>\n<p>Um v\u00eddeo que circula nas redes sociais mostra o momento do resgate. Nas imagens, policiais questionam o menor sobre o que aconteceria com ele, e o garoto responde: \u201ciam matar eu\u201d.<\/p>\n<p>Durante as buscas no im\u00f3vel, os militares apreenderam facas que seriam usadas na execu\u00e7\u00e3o, al\u00e9m de materiais ligados ao tr\u00e1fico de drogas, como tr\u00eas balan\u00e7as de precis\u00e3o, R$ 942 em dinheiro, celulares e chips telef\u00f4nicos. Os quatro suspeitos, com idades entre 42 e 50 anos, seguiram para a Central de Flagrantes pelos crimes de sequestro, c\u00e1rcere privado, submiss\u00e3o de menor a vexame, tr\u00e1fico de drogas e associa\u00e7\u00e3o criminosa.<\/p>\n<p>V\u00eddeo:<\/p>\n<figure class=\"wp-block-video\"><video controls src=\"https:\/\/rgtnews.com.br\/wp-content\/uploads\/2026\/04\/WhatsApp-Video-2026-04-29-at-11.15.02.mp4\"><\/video><\/figure>\n<p><br \/>\n<br \/><a href=\"https:\/\/rgtnews.com.br\/destaque\/menor-sequestrado-e-torturado-cava-a-propria-cova-e-diz-que-seria-executado-pelo-cv-em-mt-assista\/?utm_source=rss&#038;utm_medium=rss&#038;utm_campaign=menor-sequestrado-e-torturado-cava-a-propria-cova-e-diz-que-seria-executado-pelo-cv-em-mt-assista\">Fonte da Noticia <\/a><\/p>\n","protected":false},"excerpt":{"rendered":"<p>A Pol\u00edcia Militar resgatou um adolescente de 12 anos na tarde de sexta-feira (24), ap\u00f3s criminosos do CV sequestrarem o menor e manterem ele em c\u00e1rcere privado no bairro Vila Arthur, em V\u00e1rzea Grande. Os suspeitos planejavam executar o garoto sob acusa\u00e7\u00e3o de furtos na regi\u00e3o. De acordo com as informa\u00e7\u00f5es, equipes realizavam patrulhamento quando [&hellip;]<\/p>\n","protected":false},"author":1,"featured_media":17119,"comment_status":"closed","ping_status":"closed","sticky":false,"template":"","format":"standard","meta":[],"categories":[1],"tags":[],"_links":{"self":[{"href":"https:\/\/ligana104.com.br\/2021\/wp-json\/wp\/v2\/posts\/17118"}],"collection":[{"href":"https:\/\/ligana104.com.br\/2021\/wp-json\/wp\/v2\/posts"}],"about":[{"href":"https:\/\/ligana104.com.br\/2021\/wp-json\/wp\/v2\/types\/post"}],"author":[{"embeddable":true,"href":"https:\/\/ligana104.com.br\/2021\/wp-json\/wp\/v2\/users\/1"}],"replies":[{"embeddable":true,"href":"https:\/\/ligana104.com.br\/2021\/wp-json\/wp\/v2\/comments?post=17118"}],"version-history":[{"count":1,"href":"https:\/\/ligana104.com.br\/2021\/wp-json\/wp\/v2\/posts\/17118\/revisions"}],"predecessor-version":[{"id":17120,"href":"https:\/\/ligana104.com.br\/2021\/wp-json\/wp\/v2\/posts\/17118\/revisions\/17120"}],"wp:featuredmedia":[{"embeddable":true,"href":"https:\/\/ligana104.com.br\/2021\/wp-json\/wp\/v2\/media\/17119"}],"wp:attachment":[{"href":"https:\/\/ligana104.com.br\/2021\/wp-json\/wp\/v2\/media?parent=17118"}],"wp:term":[{"taxonomy":"category","embeddable":true,"href":"https:\/\/ligana104.com.br\/2021\/wp-json\/wp\/v2\/categories?post=17118"},{"taxonomy":"post_tag","embeddable":true,"href":"https:\/\/ligana104.com.br\/2021\/wp-json\/wp\/v2\/tags?post=17118"}],"curies":[{"name":"wp","href":"https:\/\/api.w.org\/{rel}","templated":true}]}}