{"id":17115,"date":"2026-04-29T15:11:11","date_gmt":"2026-04-29T18:11:11","guid":{"rendered":"https:\/\/ligana104.com.br\/2021\/2026\/04\/29\/bessias-rumo-ao-stf-relembre-o-caso-que-tornou-jorge-messias-conhecido\/"},"modified":"2026-04-29T15:11:12","modified_gmt":"2026-04-29T18:11:12","slug":"bessias-rumo-ao-stf-relembre-o-caso-que-tornou-jorge-messias-conhecido","status":"publish","type":"post","link":"https:\/\/ligana104.com.br\/2021\/2026\/04\/29\/bessias-rumo-ao-stf-relembre-o-caso-que-tornou-jorge-messias-conhecido\/","title":{"rendered":"\u201cBessias\u201d rumo ao STF? Relembre o caso que tornou Jorge Messias conhecido"},"content":{"rendered":"<p> <br \/>\n<\/p>\n<div>\n<p>O Senado deve decidir nesta quarta (29) se aprova o nome de Jorge Messias para o Supremo Tribunal Federal. O advogado-geral da Uni\u00e3o vai passar por uma sabatina na Comiss\u00e3o de Constitui\u00e7\u00e3o e Justi\u00e7a e, se aprovado pela CCJ, ter\u00e1 o nome submetido ao plen\u00e1rio. Caso alcance os 41 votos necess\u00e1rios, Messias alcan\u00e7ar\u00e1 o \u00e1pice de uma carreira que, aos olhos do p\u00fablico, ainda \u00e9 marcada pela alcunha de \u201cBessias\u201d.<\/p>\n<p>O apelido remonta a 16 de mar\u00e7o de 2016.<\/p>\n<p>O auxiliar da ent\u00e3o presidente Dilma Rousseff que entregaria a Lula um termo de posse como ministro da Casa Civil. O papel serviria para garantir foro privilegiado ao petista e tir\u00e1-lo dos inqu\u00e9ritos sob a condu\u00e7\u00e3o do juiz Sergio Moro. Assim, ele evitaria (ou pelo menos adiaria) uma pris\u00e3o que parecia inevit\u00e1vel.<\/p>\n<figure class=\"wp-block-image size-full\"><\/figure>\n<\/p>\n<h2 class=\"wp-block-heading\"><strong>Dia agitado\u00a0<\/strong><\/h2>\n<p>A posse de Lula como ministro estava marcada para 17 de mar\u00e7o. Um dia antes, a Pol\u00edcia Federal interceptou e divulgou uma liga\u00e7\u00e3o telef\u00f4nica entre Dilma e Lula. Na conversa, Dilma dizia que estava enviando a Lula o \u201ctermo de posse\u201d e que ele poderia \u201cusar em caso de necessidade\u201d.\u00a0<\/p>\n<p>O Minist\u00e9rio P\u00fablico interpretou o ato da ent\u00e3o presidente como uma tentativa de obstru\u00e7\u00e3o da Justi\u00e7a. Sergio Moro, que era o juiz respons\u00e1vel pelas investiga\u00e7\u00f5es da Lava Jato na 1\u00aa inst\u00e2ncia, j\u00e1 possu\u00eda todos os ind\u00edcios de autoria e materialidade para condenar Lula. Faltava apenas conquistar a opini\u00e3o p\u00fablica. \u00a0<\/p>\n<p>Ent\u00e3o, Moro\u00a0<a href=\"https:\/\/www.gazetadopovo.com.br\/vozes\/caixa-zero\/conversa-interceptada-mostra-dilma-dando-posse-secreta-a-lula-para-caso-de-necessidade\/\">decidiu retirar o sigilo\u00a0<\/a>sobre os dados colhidos na 24\u00aa etapa da opera\u00e7\u00e3o, tornando p\u00fablicos \u00e1udios que, segundo os investigadores, tornavam patente que o l\u00edder petista fora nomeado ministro da Casa Civil para evitar ser alvo de a\u00e7\u00f5es da Justi\u00e7a do Paran\u00e1.\u00a0<\/p>\n<p>No dia seguinte \u00e0 nomea\u00e7\u00e3o, o ministro Gilmar Mendes, do STF, suspendeu a posse de Lula, afirmando que o ato poderia ter desviado de sua finalidade ao tentar garantir foro privilegiado. Com essa decis\u00e3o, Lula nunca chegou a exercer o cargo, e a assinatura do termo de posse que Dilma enviou \u2014 o papel mencionado na liga\u00e7\u00e3o \u2014 nunca foi usada.\u00a0<\/p>\n<h2 class=\"wp-block-heading\"><strong>\u201cTchau, querida\u201d\u00a0<\/strong><\/h2>\n<p>Imediatamente, uma multid\u00e3o de manifestantes tomou as ruas do pa\u00eds, especialmente a Avenida Paulista em S\u00e3o Paulo, onde, aos gritos de \u201cRenuncia, renuncia\u201d e \u201cVem pra rua\u201d, os participantes em polvorosa pediam a sa\u00edda ou impeachment de Dilma.\u00a0<\/p>\n<p>Quem era o advogado de Lula na ocasi\u00e3o? Cristiano Zanin. Indignado, o fiel defensor chamou de \u201carbitr\u00e1rio\u201d e \u201cgrave\u201d o grampo \u201cenvolvendo a presidente da Rep\u00fablica\u201d. Afirmou, acima de tudo, que a decis\u00e3o de Moro estimulava a \u201cconvuls\u00e3o social, o que n\u00e3o \u00e9 o papel do Judici\u00e1rio\u201d.\u00a0<\/p>\n<p>Zanin defendia o foro privilegiado para Lula e, portanto, Moro j\u00e1 n\u00e3o teria compet\u00eancia para tomar a decis\u00e3o, j\u00e1 que a partir daquela data Lula j\u00e1 era ministro.\u00a0<\/p>\n<p>O Advogado Geral da Uni\u00e3o de Dilma, Jos\u00e9 Eduardo Cardozo, disse que o di\u00e1logo entre os petistas, ao contr\u00e1rio da interpreta\u00e7\u00e3o da oposi\u00e7\u00e3o, n\u00e3o estava dando a Lula um documento para ele se livrar de poss\u00edvel a\u00e7\u00e3o policial.<\/p>\n<p>Segundo Cardozo, a presidente estava enviando a Lula o termo de posse para ele assinar. Isso porque Lula, de acordo com Cardozo, estava com problemas para comparecer \u00e0 cerim\u00f4nia de posse.<\/p>\n<p>Veja a transcri\u00e7\u00e3o do c\u00e9lebre di\u00e1logo abaixo.<\/p>\n<h3 class=\"wp-block-heading\"><strong>Transcri\u00e7\u00e3o da liga\u00e7\u00e3o<\/strong><\/h3>\n<p>No \u00e1udio, a voz de Dilma parece meio cacof\u00f4nica. Na transcri\u00e7\u00e3o feita pela Pol\u00edcia Federal, \u201cMessias\u201d foi identificado como \u201cBessias\u201d. E a \u00faltima frase da liga\u00e7\u00e3o tornou-se o s\u00edmbolo da defesa pela retirada da presidente do cargo: \u201cTchau, querida\u201d.\u00a0<\/p>\n<p>Mas o mundo d\u00e1 voltas e aquele menino de recado pode tornar-se, assim que aprovado pela sabatina no Senado Federal, o pr\u00f3ximo ministro do Supremo Tribunal Federal.<\/p>\n<h2 class=\"wp-block-heading\"><strong>\u201cBessias\u201d foi um personagem de fic\u00e7\u00e3o\u201d, diz Jorge Messias<\/strong><\/h2>\n<p>Em junho de 24, Jorge Messias afirmou \u00e0\u00a0<em><strong>Vej<\/strong><\/em>a que o epis\u00f3dio que o tornou conhecido como \u201cBessias\u201d foi fruto de uma distor\u00e7\u00e3o pol\u00edtica. \u201cSe tivesse me atrapalhado, n\u00e3o estaria aqui\u201d, disse, ao negar ter sido prejudicado pelo r\u00f3tulo. Para ele, o \u201cBessias foi um personagem de fic\u00e7\u00e3o criado pela Lava Jato\u201d com o objetivo de \u201cdesestabilizar o governo\u201d.<\/p>\n<p>Messias afirmou ter \u201cmuita clareza\u201d sobre o contexto da grava\u00e7\u00e3o entre Dilma Rousseff e Lula e considerou que a sociedade \u201cteve plenamente acesso a todos os fatos\u201d. Ao comentar o conte\u00fado do documento citado no \u00e1udio, Messias explicou que \u201co termo de posse serve a um \u00fanico prop\u00f3sito: dar posse a uma pessoa\u201d.<\/p>\n<p>Segundo ele, \u201co objetivo era dar posse ao presidente como ministro\u201d, e a grava\u00e7\u00e3o foi \u201ccortada em dez minutos para ser manipulada pela imprensa\u201d. \u201cSe voc\u00ea ouvir as cinco horas de grava\u00e7\u00e3o, vai entender exatamente a que se prestava\u201d, concluiu.<\/p>\n<h2 class=\"wp-block-heading\"><strong>Outros \u00e1udios vazados<\/strong><\/h2>\n<p>No mesmo dia em que foi deflagrada a 24\u00aa fase da Lava Jato, Lula conversou com o prefeito do Rio de Janeiro, Eduardo Paes. Essa conversa, como\u00a0<a href=\"https:\/\/g1.globo.com\/pr\/parana\/noticia\/2016\/03\/pf-libera-documento-que-mostra-ligacao-entre-lula-e-dilma.html\">outras de menor repercuss\u00e3o\u00a0<\/a>tamb\u00e9m vieram a p\u00fablico.<\/p>\n<p>Nela, o prefeito Paes diz para Lula: \u201cAgora da pr\u00f3xima vez voc\u00ea para com essa vida de pobre, com essa alma de pobre comprando esses barcos de m\u2026., sitiozinho vagabundo\u201d. Lula ri, e Paes continua: \u201cO senhor tem uma alma de pobre. Eu, todo mundo fala aqui no meio, imagina se fosse aqui no Rio esse s\u00edtio dele. N\u00e3o \u00e9 em Petr\u00f3polis, n\u00e3o \u00e9 em Itaipava, \u00e9 como se fosse em Maric\u00e1\u201d. Lula segue rindo.<\/p>\n<p>O di\u00e1logo entre os dois foi interpretado tanto pela opini\u00e3o p\u00fablica quanto para os investigadores do caso que Lula realmente admitia ser o verdadeiro dono do s\u00edtio em Atibaia,\u00a0<a href=\"https:\/\/www.gazetadopovo.com.br\/politica\/republica\/moro-aceita-denuncia-contra-lula-no-caso-do-sitio-em-atibaia-652f9pk5vykxfza2f0l2l9l84\">que teria sido reformado por empreiteiras como forma de pagamento de propina<\/a>.<\/p>\n<p>O prefeito Eduardo Paes declarou que a conversa tinha sido completamente informal e chamou as brincadeiras que fez como \u201cde mau gosto\u201d.<\/p>\n<h2 class=\"wp-block-heading\"><strong>\u00a0\u201cS\u00f3 use em caso de necessidade\u201d\u00a0<\/strong><\/h2>\n<p>Jorge Messias tem 45 anos. Dada a regra atual, pode ficar por 30 anos no cargo de ministro do Supremo. Membro da Igreja Batista, Messias chegou trazido pelo apoio de bispos evang\u00e9licos no Pal\u00e1cio do Planalto, mesmo a contragosto da bancada evang\u00e9lica no Congresso.\u00a0<\/p>\n<p>O papel que Messias levou para Lula n\u00e3o fez muita diferen\u00e7a. A perman\u00eancia da presidente no poder ficou insustent\u00e1vel, assim como a nomea\u00e7\u00e3o de Lula para o minist\u00e9rio. Dez anos depois, \u201cBessias\u201d pode chegar ao STF gra\u00e7as a Lula, que, por sua vez, teve as condena\u00e7\u00f5es anuladas pelo STF em 2021.<br \/>\n<!-- H&aacute; banners, eles s&atilde;o deficientes ou nenhum qualificado para este local! --><\/p>\n<\/p><\/div>\n<p><br \/>\n<br \/><a href=\"https:\/\/rgtnews.com.br\/noticias\/politica\/bessias-rumo-ao-stf-relembre-o-caso-que-tornou-jorge-messias-conhecido\/?utm_source=rss&#038;utm_medium=rss&#038;utm_campaign=bessias-rumo-ao-stf-relembre-o-caso-que-tornou-jorge-messias-conhecido\">Fonte da Noticia <\/a><\/p>\n","protected":false},"excerpt":{"rendered":"<p>O Senado deve decidir nesta quarta (29) se aprova o nome de Jorge Messias para o Supremo Tribunal Federal. O advogado-geral da Uni\u00e3o vai passar por uma sabatina na Comiss\u00e3o de Constitui\u00e7\u00e3o e Justi\u00e7a e, se aprovado pela CCJ, ter\u00e1 o nome submetido ao plen\u00e1rio. Caso alcance os 41 votos necess\u00e1rios, Messias alcan\u00e7ar\u00e1 o \u00e1pice [&hellip;]<\/p>\n","protected":false},"author":1,"featured_media":17116,"comment_status":"closed","ping_status":"closed","sticky":false,"template":"","format":"standard","meta":[],"categories":[1],"tags":[],"_links":{"self":[{"href":"https:\/\/ligana104.com.br\/2021\/wp-json\/wp\/v2\/posts\/17115"}],"collection":[{"href":"https:\/\/ligana104.com.br\/2021\/wp-json\/wp\/v2\/posts"}],"about":[{"href":"https:\/\/ligana104.com.br\/2021\/wp-json\/wp\/v2\/types\/post"}],"author":[{"embeddable":true,"href":"https:\/\/ligana104.com.br\/2021\/wp-json\/wp\/v2\/users\/1"}],"replies":[{"embeddable":true,"href":"https:\/\/ligana104.com.br\/2021\/wp-json\/wp\/v2\/comments?post=17115"}],"version-history":[{"count":1,"href":"https:\/\/ligana104.com.br\/2021\/wp-json\/wp\/v2\/posts\/17115\/revisions"}],"predecessor-version":[{"id":17117,"href":"https:\/\/ligana104.com.br\/2021\/wp-json\/wp\/v2\/posts\/17115\/revisions\/17117"}],"wp:featuredmedia":[{"embeddable":true,"href":"https:\/\/ligana104.com.br\/2021\/wp-json\/wp\/v2\/media\/17116"}],"wp:attachment":[{"href":"https:\/\/ligana104.com.br\/2021\/wp-json\/wp\/v2\/media?parent=17115"}],"wp:term":[{"taxonomy":"category","embeddable":true,"href":"https:\/\/ligana104.com.br\/2021\/wp-json\/wp\/v2\/categories?post=17115"},{"taxonomy":"post_tag","embeddable":true,"href":"https:\/\/ligana104.com.br\/2021\/wp-json\/wp\/v2\/tags?post=17115"}],"curies":[{"name":"wp","href":"https:\/\/api.w.org\/{rel}","templated":true}]}}