{"id":17109,"date":"2026-04-29T13:08:41","date_gmt":"2026-04-29T16:08:41","guid":{"rendered":"https:\/\/ligana104.com.br\/2021\/2026\/04\/29\/sms-desmente-boatos-e-garante-rondonopolis-nao-tem-casos-de-meningite\/"},"modified":"2026-04-29T13:08:44","modified_gmt":"2026-04-29T16:08:44","slug":"sms-desmente-boatos-e-garante-rondonopolis-nao-tem-casos-de-meningite","status":"publish","type":"post","link":"https:\/\/ligana104.com.br\/2021\/2026\/04\/29\/sms-desmente-boatos-e-garante-rondonopolis-nao-tem-casos-de-meningite\/","title":{"rendered":"SMS desmente boatos e garante: Rondon\u00f3polis n\u00e3o tem casos de meningite"},"content":{"rendered":"<p> <br \/>\n<\/p>\n<p>A Secretaria Municipal de Sa\u00fade (SMS) informou que n\u00e3o h\u00e1 registros de meningite viral ou bacteriana em Rondon\u00f3polis neste momento. O monitoramento ocorre diariamente em todas as unidades de sa\u00fade p\u00fablicas e privadas da cidade.<\/p>\n<p>De acordo com os dados oficiais, dois casos suspeitos apareceram entre mar\u00e7o e abril. Um deles j\u00e1 recebeu descarte ap\u00f3s exames, e a paciente deixou o hospital. O outro envolveu uma mulher de 78 anos, internada no Hospital Regional entre 13 de mar\u00e7o e 14 de abril. Ela morreu em decorr\u00eancia de Acidente Vascular Encef\u00e1lico (AVE), e a altera\u00e7\u00e3o no exame de l\u00edquor indicou meningite associada \u00e0 interna\u00e7\u00e3o, sem car\u00e1ter infeccioso.<\/p>\n<p>Al\u00e9m disso, o Hospital Regional notificou outros dois casos, por\u00e9m de pacientes moradores de Tesouro e Juscimeira. A unidade atende toda a regi\u00e3o Sul, o que explica os registros fora do munic\u00edpio.<\/p>\n<p>A SMS refor\u00e7ou que mant\u00e9m vigil\u00e2ncia constante e garante transpar\u00eancia caso ocorra qualquer mudan\u00e7a no cen\u00e1rio. A pasta tamb\u00e9m orienta a vacina\u00e7\u00e3o infantil como principal forma de preven\u00e7\u00e3o.<\/p>\n<p>O SUS disponibiliza as vacinas meningoc\u00f3cica C e ACWY, que protegem contra formas bacterianas da doen\u00e7a. J\u00e1 a vacina contra o sorogrupo B n\u00e3o integra a rede p\u00fablica.<\/p>\n<p><br \/>\n<br \/><a href=\"https:\/\/rgtnews.com.br\/noticias\/politica\/sms-desmente-boatos-e-garante-rondonopolis-nao-tem-casos-de-meningite\/?utm_source=rss&#038;utm_medium=rss&#038;utm_campaign=sms-desmente-boatos-e-garante-rondonopolis-nao-tem-casos-de-meningite\">Fonte da Noticia <\/a><\/p>\n","protected":false},"excerpt":{"rendered":"<p>A Secretaria Municipal de Sa\u00fade (SMS) informou que n\u00e3o h\u00e1 registros de meningite viral ou bacteriana em Rondon\u00f3polis neste momento. O monitoramento ocorre diariamente em todas as unidades de sa\u00fade p\u00fablicas e privadas da cidade. De acordo com os dados oficiais, dois casos suspeitos apareceram entre mar\u00e7o e abril. Um deles j\u00e1 recebeu descarte ap\u00f3s [&hellip;]<\/p>\n","protected":false},"author":1,"featured_media":17110,"comment_status":"closed","ping_status":"closed","sticky":false,"template":"","format":"standard","meta":[],"categories":[1],"tags":[],"_links":{"self":[{"href":"https:\/\/ligana104.com.br\/2021\/wp-json\/wp\/v2\/posts\/17109"}],"collection":[{"href":"https:\/\/ligana104.com.br\/2021\/wp-json\/wp\/v2\/posts"}],"about":[{"href":"https:\/\/ligana104.com.br\/2021\/wp-json\/wp\/v2\/types\/post"}],"author":[{"embeddable":true,"href":"https:\/\/ligana104.com.br\/2021\/wp-json\/wp\/v2\/users\/1"}],"replies":[{"embeddable":true,"href":"https:\/\/ligana104.com.br\/2021\/wp-json\/wp\/v2\/comments?post=17109"}],"version-history":[{"count":1,"href":"https:\/\/ligana104.com.br\/2021\/wp-json\/wp\/v2\/posts\/17109\/revisions"}],"predecessor-version":[{"id":17111,"href":"https:\/\/ligana104.com.br\/2021\/wp-json\/wp\/v2\/posts\/17109\/revisions\/17111"}],"wp:featuredmedia":[{"embeddable":true,"href":"https:\/\/ligana104.com.br\/2021\/wp-json\/wp\/v2\/media\/17110"}],"wp:attachment":[{"href":"https:\/\/ligana104.com.br\/2021\/wp-json\/wp\/v2\/media?parent=17109"}],"wp:term":[{"taxonomy":"category","embeddable":true,"href":"https:\/\/ligana104.com.br\/2021\/wp-json\/wp\/v2\/categories?post=17109"},{"taxonomy":"post_tag","embeddable":true,"href":"https:\/\/ligana104.com.br\/2021\/wp-json\/wp\/v2\/tags?post=17109"}],"curies":[{"name":"wp","href":"https:\/\/api.w.org\/{rel}","templated":true}]}}