{"id":17097,"date":"2026-04-29T08:56:22","date_gmt":"2026-04-29T11:56:22","guid":{"rendered":"https:\/\/ligana104.com.br\/2021\/2026\/04\/29\/sem-piedade-faccionados-degolam-vitima-queimam-corpo-e-jogam-em-rio-em-mt-pc-deflagra-operacao\/"},"modified":"2026-04-29T08:56:22","modified_gmt":"2026-04-29T11:56:22","slug":"sem-piedade-faccionados-degolam-vitima-queimam-corpo-e-jogam-em-rio-em-mt-pc-deflagra-operacao","status":"publish","type":"post","link":"https:\/\/ligana104.com.br\/2021\/2026\/04\/29\/sem-piedade-faccionados-degolam-vitima-queimam-corpo-e-jogam-em-rio-em-mt-pc-deflagra-operacao\/","title":{"rendered":"Sem piedade: faccionados degolam v\u00edtima, queimam corpo e jogam em rio em MT; PC deflagra opera\u00e7\u00e3o"},"content":{"rendered":"<p> <br \/>\n<\/p>\n<div>\n<p>A Pol\u00edcia Civil deflagrou, na manh\u00e3 desta quarta-feira (29.4), a Opera\u00e7\u00e3o Sem Rastros, para cumprimento de ordens judiciais dentro de investiga\u00e7\u00e3o sobre a atua\u00e7\u00e3o de membros de uma fac\u00e7\u00e3o criminosa envolvidos em crime de homic\u00eddio qualificado e oculta\u00e7\u00e3o de cad\u00e1ver, ocorrido em fevereiro de 2026, no munic\u00edpio de Araputanga.<\/p>\n<p>Na opera\u00e7\u00e3o, s\u00e3o cumpridas 12 ordens judiciais, sendo tr\u00eas mandados de pris\u00e3o preventiva, um mandado de interna\u00e7\u00e3o provis\u00f3ria, quatro mandados de busca e apreens\u00e3o e quatro quebras de sigilo telef\u00f4nico, expedidos pela Vara \u00danica de Araputanga.<\/p>\n<p>Os mandados s\u00e3o cumpridos nas cidades de Araputanga, Indiava\u00ed, C\u00e1ceres e Figueir\u00f3polis D\u2019Oeste. Al\u00e9m das medidas executadas na opera\u00e7\u00e3o, no curso das investiga\u00e7\u00f5es foram concedidas outras ordens judiciais que contribu\u00edram para o avan\u00e7o das apura\u00e7\u00f5es.<\/p>\n<figure class=\"wp-block-image\"><\/figure>\n<p><strong>Desaparecimento<\/strong><\/p>\n<p>As investiga\u00e7\u00f5es conduzidas pela Delegacia de Pol\u00edcia de Araputanga iniciaram com o registro de boletim de ocorr\u00eancia noticiando o desaparecimento da v\u00edtima, vista pela \u00faltima vez em 20 de fevereiro de 2026. Ao longo de aproximadamente dois meses de investiga\u00e7\u00e3o, foi poss\u00edvel identificar cinco autores com participa\u00e7\u00e3o direta na execu\u00e7\u00e3o da v\u00edtima.<\/p>\n<p>Durante o trabalho investigativo, foram reunidos diversos elementos probat\u00f3rios que subsidiaram a opera\u00e7\u00e3o, entre os quais relat\u00f3rios de investiga\u00e7\u00e3o, termos de interrogat\u00f3rio, representa\u00e7\u00f5es, al\u00e9m de registros de \u00e1udio e v\u00eddeo que confirmaram a participa\u00e7\u00e3o do grupo criminoso no crime.<\/p>\n<p>Os trabalhos tamb\u00e9m contaram com o apoio do Corpo de Bombeiros de Pontes e Lacerda e da Per\u00edcia Oficial e Identifica\u00e7\u00e3o T\u00e9cnica (Politec), que atuaram nas buscas pelo corpo da v\u00edtima e na realiza\u00e7\u00e3o de per\u00edcias t\u00e9cnicas, contribuindo de forma relevante para o esclarecimento dos fatos.<\/p>\n<figure class=\"wp-block-image\"><img decoding=\"async\" src=\"https:\/\/www.pjc.mt.gov.br\/documents\/d\/pjc\/whatsapp-image-2026-04-29-at-06-17-15-jpeg?imageThumbnail=3\" alt=\"\"\/><\/figure>\n<\/p>\n<p><strong>Din\u00e2mica do crime<\/strong><\/p>\n<p>Segundo as investiga\u00e7\u00f5es, a v\u00edtima vinha sofrendo amea\u00e7as de integrantes da fac\u00e7\u00e3o criminosa, em raz\u00e3o de rumores de que teria praticado crime de natureza sexual contra uma mulher.<\/p>\n<p>No dia dos fatos, a v\u00edtima teria sofrido uma emboscada arquitetada pelos autores na resid\u00eancia de um dos envolvidos.<\/p>\n<p>Com planejamento pr\u00e9vio, os criminosos agiram de forma coordenada para suprimir a capacidade de defesa da v\u00edtima, que, em seguida, foi conduzida \u00e0s margens do Rio Jauru, onde foi assassinada com golpe de faca na regi\u00e3o do pesco\u00e7o, sendo degolada pelos executores.<\/p>\n<figure class=\"wp-block-image\"><img decoding=\"async\" src=\"https:\/\/www.pjc.mt.gov.br\/documents\/d\/pjc\/whatsapp-image-2026-04-29-at-06-17-03-jpeg?imageThumbnail=3\" alt=\"\"\/><\/figure>\n<\/p>\n<p>Ap\u00f3s a execu\u00e7\u00e3o, os autores ainda tentaram apagar os rastros incendiando o corpo da v\u00edtima e lan\u00e7ando-o nas \u00e1guas do Rio Jauru, em evidente tentativa de dificultar o trabalho investigativo da pol\u00edcia.<\/p>\n<p>Cabe destacar que um dos autores, indiv\u00edduo j\u00e1 conhecido no meio policial pela pr\u00e1tica reiterada de crimes graves e que se encontrava monitorado por tornozeleira eletr\u00f4nica, rompeu o dispositivo logo ap\u00f3s a execu\u00e7\u00e3o do delito e empreendeu fuga em dire\u00e7\u00e3o ao munic\u00edpio de C\u00e1ceres.<\/p>\n<figure class=\"wp-block-image\"><img decoding=\"async\" src=\"https:\/\/www.pjc.mt.gov.br\/documents\/d\/pjc\/whatsapp-image-2026-04-28-at-15-23-59-jpeg?imageThumbnail=3\" alt=\"\"\/><\/figure>\n<\/p>\n<p><strong>Nome da opera\u00e7\u00e3o<\/strong><\/p>\n<p>O nome da opera\u00e7\u00e3o faz refer\u00eancia \u00e0 forma de atua\u00e7\u00e3o dos integrantes do grupo criminoso, que agiram na execu\u00e7\u00e3o e oculta\u00e7\u00e3o do corpo da v\u00edtima tentando apagar todos os vest\u00edgios, para que o corpo n\u00e3o fosse localizado, na tentativa de n\u00e3o deixar rastros para o esclarecimento do crime.<\/p>\n<p><strong>Opera\u00e7\u00e3o Pharus<\/strong><\/p>\n<p>A opera\u00e7\u00e3o integra os trabalhos do planejamento estrat\u00e9gico da Pol\u00edcia Civil de Mato Grosso para o ano de 2026, por meio da Opera\u00e7\u00e3o Pharus, dentro do Programa Toler\u00e2ncia Zero, voltado ao combate \u00e0s fac\u00e7\u00f5es criminosas em todo o Estado.<\/p>\n<figure class=\"wp-block-image\"><img decoding=\"async\" src=\"https:\/\/www.pjc.mt.gov.br\/documents\/d\/pjc\/whatsapp-image-2026-04-28-at-15-23-58-1-jpeg?imageThumbnail=3\" alt=\"\"\/><\/figure>\n<p><!-- H&aacute; banners, eles s&atilde;o deficientes ou nenhum qualificado para este local! --><\/p>\n<\/p><\/div>\n<p><br \/>\n<br \/><a href=\"https:\/\/rgtnews.com.br\/destaque\/sem-piedade-faccionados-degolam-vitima-queimam-corpo-e-jogam-em-rio-em-mt-pc-deflagra-operacao\/?utm_source=rss&#038;utm_medium=rss&#038;utm_campaign=sem-piedade-faccionados-degolam-vitima-queimam-corpo-e-jogam-em-rio-em-mt-pc-deflagra-operacao\">Fonte da Noticia <\/a><\/p>\n","protected":false},"excerpt":{"rendered":"<p>A Pol\u00edcia Civil deflagrou, na manh\u00e3 desta quarta-feira (29.4), a Opera\u00e7\u00e3o Sem Rastros, para cumprimento de ordens judiciais dentro de investiga\u00e7\u00e3o sobre a atua\u00e7\u00e3o de membros de uma fac\u00e7\u00e3o criminosa envolvidos em crime de homic\u00eddio qualificado e oculta\u00e7\u00e3o de cad\u00e1ver, ocorrido em fevereiro de 2026, no munic\u00edpio de Araputanga. Na opera\u00e7\u00e3o, s\u00e3o cumpridas 12 ordens [&hellip;]<\/p>\n","protected":false},"author":1,"featured_media":17098,"comment_status":"closed","ping_status":"closed","sticky":false,"template":"","format":"standard","meta":[],"categories":[1],"tags":[],"_links":{"self":[{"href":"https:\/\/ligana104.com.br\/2021\/wp-json\/wp\/v2\/posts\/17097"}],"collection":[{"href":"https:\/\/ligana104.com.br\/2021\/wp-json\/wp\/v2\/posts"}],"about":[{"href":"https:\/\/ligana104.com.br\/2021\/wp-json\/wp\/v2\/types\/post"}],"author":[{"embeddable":true,"href":"https:\/\/ligana104.com.br\/2021\/wp-json\/wp\/v2\/users\/1"}],"replies":[{"embeddable":true,"href":"https:\/\/ligana104.com.br\/2021\/wp-json\/wp\/v2\/comments?post=17097"}],"version-history":[{"count":1,"href":"https:\/\/ligana104.com.br\/2021\/wp-json\/wp\/v2\/posts\/17097\/revisions"}],"predecessor-version":[{"id":17099,"href":"https:\/\/ligana104.com.br\/2021\/wp-json\/wp\/v2\/posts\/17097\/revisions\/17099"}],"wp:featuredmedia":[{"embeddable":true,"href":"https:\/\/ligana104.com.br\/2021\/wp-json\/wp\/v2\/media\/17098"}],"wp:attachment":[{"href":"https:\/\/ligana104.com.br\/2021\/wp-json\/wp\/v2\/media?parent=17097"}],"wp:term":[{"taxonomy":"category","embeddable":true,"href":"https:\/\/ligana104.com.br\/2021\/wp-json\/wp\/v2\/categories?post=17097"},{"taxonomy":"post_tag","embeddable":true,"href":"https:\/\/ligana104.com.br\/2021\/wp-json\/wp\/v2\/tags?post=17097"}],"curies":[{"name":"wp","href":"https:\/\/api.w.org\/{rel}","templated":true}]}}