{"id":17094,"date":"2026-04-29T04:40:14","date_gmt":"2026-04-29T07:40:14","guid":{"rendered":"https:\/\/ligana104.com.br\/2021\/2026\/04\/29\/projeto-de-medeiros-que-preve-confisco-de-bens-em-crimes-contra-criancas-e-aprovado-na-ccj\/"},"modified":"2026-04-29T04:40:15","modified_gmt":"2026-04-29T07:40:15","slug":"projeto-de-medeiros-que-preve-confisco-de-bens-em-crimes-contra-criancas-e-aprovado-na-ccj","status":"publish","type":"post","link":"https:\/\/ligana104.com.br\/2021\/2026\/04\/29\/projeto-de-medeiros-que-preve-confisco-de-bens-em-crimes-contra-criancas-e-aprovado-na-ccj\/","title":{"rendered":"Projeto de Medeiros que prev\u00ea confisco de bens em crimes contra crian\u00e7as \u00e9 aprovado na CCJ"},"content":{"rendered":"<p> <br \/>\n<\/p>\n<div>\n<p><em><strong>Proposta destina patrim\u00f4nio apreendido \u00e0 indeniza\u00e7\u00e3o das v\u00edtimas e a fundos de prote\u00e7\u00e3o a crian\u00e7as<\/strong><\/em><\/p>\n<p>A Comiss\u00e3o de Constitui\u00e7\u00e3o e Justi\u00e7a e de Cidadania (CCJ) da C\u00e2mara dos Deputados aprovou o Projeto de Lei 1882\/2019, de autoria do deputado federal <strong>Jos\u00e9 Medeiros <\/strong>(PL), que prev\u00ea o confisco de bens utilizados em crimes contra crian\u00e7as e adolescentes. A proposta, que endurece as puni\u00e7\u00f5es, agora segue para vota\u00e7\u00e3o no plen\u00e1rio.<\/p>\n<p>O projeto altera o Estatuto da Crian\u00e7a e do Adolescente (ECA) para determinar que todo bem usado ou obtido por meio de crimes como tr\u00e1fico de menores, explora\u00e7\u00e3o sexual e produ\u00e7\u00e3o de conte\u00fado ilegal seja apreendido e destinado \u00e0 repara\u00e7\u00e3o das v\u00edtimas ou aos Fundos dos Direitos da Crian\u00e7a e do Adolescente.<\/p>\n<p>O texto estabelece que, al\u00e9m da responsabiliza\u00e7\u00e3o criminal, os envolvidos poder\u00e3o perder ve\u00edculos, im\u00f3veis, valores em dinheiro e outros bens ligados aos crimes. A proposta tamb\u00e9m autoriza o bloqueio desses bens ainda durante a investiga\u00e7\u00e3o, quando houver ind\u00edcios suficientes. Al\u00e9m disso, permite que itens apreendidos, como ve\u00edculos e equipamentos, sejam utilizados pelas autoridades no combate a essas pr\u00e1ticas.<\/p>\n<p>O projeto tamb\u00e9m prev\u00ea a cassa\u00e7\u00e3o da licen\u00e7a de funcionamento de estabelecimentos envolvidos nesses crimes, ampliando as san\u00e7\u00f5es administrativas aos respons\u00e1veis.<\/p>\n<p>Na justificativa, Medeiros afirma que a proposta busca fortalecer o enfrentamento a crimes considerados graves e garantir que os preju\u00edzos causados \u00e0s v\u00edtimas sejam reparados com recursos provenientes dos pr\u00f3prios autores.<\/p>\n<p>\u201cQuem comete esse tipo de crime precisa responder n\u00e3o s\u00f3 com a pris\u00e3o, mas tamb\u00e9m com o patrim\u00f4nio. N\u00e3o \u00e9 justo que v\u00edtimas fiquem com o preju\u00edzo enquanto criminosos mant\u00eam bens adquiridos ou utilizados nessas pr\u00e1ticas. Nosso objetivo \u00e9 endurecer o combate e garantir que esses recursos sejam revertidos para reparar danos e proteger outras crian\u00e7as e adolescentes\u201d, afirmou.<\/p>\n<p>A proposta j\u00e1 havia sido aprovada nas comiss\u00f5es de Seguran\u00e7a P\u00fablica e de Seguridade Social e recebeu parecer favor\u00e1vel na CCJ, sob relatoria da deputada Bia Kicis, que considerou o projeto constitucional e destacou seu impacto na prote\u00e7\u00e3o de crian\u00e7as e adolescentes.<\/p>\n<p>\u201cAs inova\u00e7\u00f5es propostas pelo projeto certamente contribuem para o aprimoramento da legisla\u00e7\u00e3o, conferindo mais efetividade na prote\u00e7\u00e3o das crian\u00e7as e adolescentes, assim como no combate ao crime e no fortalecimento da seguran\u00e7a p\u00fablica\u201d, afirmou a relatora.<br \/>\n<!-- H&aacute; banners, eles s&atilde;o deficientes ou nenhum qualificado para este local! --><\/p>\n<\/p><\/div>\n<p><br \/>\n<br \/><a href=\"https:\/\/rgtnews.com.br\/noticias\/politica\/projeto-de-medeiros-que-preve-confisco-de-bens-em-crimes-contra-criancas-e-aprovado-na-ccj\/?utm_source=rss&#038;utm_medium=rss&#038;utm_campaign=projeto-de-medeiros-que-preve-confisco-de-bens-em-crimes-contra-criancas-e-aprovado-na-ccj\">Fonte da Noticia <\/a><\/p>\n","protected":false},"excerpt":{"rendered":"<p>Proposta destina patrim\u00f4nio apreendido \u00e0 indeniza\u00e7\u00e3o das v\u00edtimas e a fundos de prote\u00e7\u00e3o a crian\u00e7as A Comiss\u00e3o de Constitui\u00e7\u00e3o e Justi\u00e7a e de Cidadania (CCJ) da C\u00e2mara dos Deputados aprovou o Projeto de Lei 1882\/2019, de autoria do deputado federal Jos\u00e9 Medeiros (PL), que prev\u00ea o confisco de bens utilizados em crimes contra crian\u00e7as e [&hellip;]<\/p>\n","protected":false},"author":1,"featured_media":17095,"comment_status":"closed","ping_status":"closed","sticky":false,"template":"","format":"standard","meta":[],"categories":[1],"tags":[],"_links":{"self":[{"href":"https:\/\/ligana104.com.br\/2021\/wp-json\/wp\/v2\/posts\/17094"}],"collection":[{"href":"https:\/\/ligana104.com.br\/2021\/wp-json\/wp\/v2\/posts"}],"about":[{"href":"https:\/\/ligana104.com.br\/2021\/wp-json\/wp\/v2\/types\/post"}],"author":[{"embeddable":true,"href":"https:\/\/ligana104.com.br\/2021\/wp-json\/wp\/v2\/users\/1"}],"replies":[{"embeddable":true,"href":"https:\/\/ligana104.com.br\/2021\/wp-json\/wp\/v2\/comments?post=17094"}],"version-history":[{"count":1,"href":"https:\/\/ligana104.com.br\/2021\/wp-json\/wp\/v2\/posts\/17094\/revisions"}],"predecessor-version":[{"id":17096,"href":"https:\/\/ligana104.com.br\/2021\/wp-json\/wp\/v2\/posts\/17094\/revisions\/17096"}],"wp:featuredmedia":[{"embeddable":true,"href":"https:\/\/ligana104.com.br\/2021\/wp-json\/wp\/v2\/media\/17095"}],"wp:attachment":[{"href":"https:\/\/ligana104.com.br\/2021\/wp-json\/wp\/v2\/media?parent=17094"}],"wp:term":[{"taxonomy":"category","embeddable":true,"href":"https:\/\/ligana104.com.br\/2021\/wp-json\/wp\/v2\/categories?post=17094"},{"taxonomy":"post_tag","embeddable":true,"href":"https:\/\/ligana104.com.br\/2021\/wp-json\/wp\/v2\/tags?post=17094"}],"curies":[{"name":"wp","href":"https:\/\/api.w.org\/{rel}","templated":true}]}}