{"id":17091,"date":"2026-04-29T03:39:14","date_gmt":"2026-04-29T06:39:14","guid":{"rendered":"https:\/\/ligana104.com.br\/2021\/2026\/04\/29\/condecon-reune-membros-e-escolhe-gestores-do-fundo-municipal\/"},"modified":"2026-04-29T03:39:15","modified_gmt":"2026-04-29T06:39:15","slug":"condecon-reune-membros-e-escolhe-gestores-do-fundo-municipal","status":"publish","type":"post","link":"https:\/\/ligana104.com.br\/2021\/2026\/04\/29\/condecon-reune-membros-e-escolhe-gestores-do-fundo-municipal\/","title":{"rendered":"Condecon re\u00fane membros e escolhe gestores do fundo municipal"},"content":{"rendered":"<p> <br \/>\n<\/p>\n<div data-id=\"16dae40\" data-element_type=\"widget\" data-widget_type=\"theme-post-content.default\">\n<div class=\"elementor-widget-container\">\n<p>O Conselho Municipal de Defesa do Consumidor (Condecon) se reuniu nesta ter\u00e7a-feira (28) sob a presid\u00eancia do coordenador executivo do Procon (Coordenadoria de Prote\u00e7\u00e3o e Defesa do Consumidor), Rubson Guimar\u00e3es, para deliberar sobre a presta\u00e7\u00e3o de contas do Fundo Municipal de Defesa dos Direitos Difusos (FMDD), composi\u00e7\u00e3o dos membros gestores do fundo, propostas para aplica\u00e7\u00e3o do dinheiro do fundo nos pr\u00f3ximos meses e relat\u00f3rio de atividades do Procon. A reuni\u00e3o que foi ordin\u00e1ria ocorreu na sede do Procon Rondon\u00f3polis.\u00a0<\/p>\n<p>No tocante a composi\u00e7\u00e3o do conselho curador do fundo para os pr\u00f3ximos dois anos, foram aprovados para vice-presidente, a representante do Executivo Municipal, T\u00e2midi Queitussi Soares Ritter Souza, como conselheiro titular, o representante da C\u00e2mara de Dirigentes Lojistas de Rondon\u00f3polis (CDL), Marcus Daniel Marcussi, al\u00e9m do presidente do Condecon. J\u00e1 a secretaria executiva ficou com a assessora jur\u00eddica do Procon, J\u00e9ssica Mikaelle Rodrigues de Oliveira.\u00a0<\/p>\n<p>Depois dos n\u00fameros serem apresentados para os conselheiros pela presid\u00eancia, houve a delibera\u00e7\u00e3o para aplica\u00e7\u00e3o de parte do fundo dispon\u00edvel na conta, com sugest\u00f5es para investimento na aquisi\u00e7\u00e3o de um sistema digital para o \u00f3rg\u00e3o, reforma do pr\u00e9dio e compra de ve\u00edculos. Foi aprovada a apresenta\u00e7\u00e3o de or\u00e7amentos para posterior delibera\u00e7\u00e3o.<\/p>\n<p>O conselho que \u00e9 formado por servidores p\u00fablicos e representantes de entidades dever\u00e1 se reunir de forma ordin\u00e1ria uma vez por m\u00eas e em car\u00e1ter extraordin\u00e1rio, quando houver necessidade.\u00a0<\/p>\n<p>Esta primeira reuni\u00e3o contou com a presen\u00e7a de representantes da Defensoria P\u00fablica, CDL, Associa\u00e7\u00e3o Comercial, Industrial e Empresarial de Rondon\u00f3polis (ACIR), Ordem dos Advogados do Brasil (OAB) Subse\u00e7\u00e3o de Rondon\u00f3polis, Conselho do Idoso, Executivo Municipal e Defensoria P\u00fablica, al\u00e9m de servidores do Procon.<br \/>\n<!-- H&aacute; banners, eles s&atilde;o deficientes ou nenhum qualificado para este local! --><\/p>\n<\/p><\/div><\/div>\n<p><br \/>\n<br \/><a href=\"https:\/\/rgtnews.com.br\/noticias\/cidades\/condecon-reune-membros-e-escolhe-gestores-do-fundo-municipal\/?utm_source=rss&#038;utm_medium=rss&#038;utm_campaign=condecon-reune-membros-e-escolhe-gestores-do-fundo-municipal\">Fonte da Noticia <\/a><\/p>\n","protected":false},"excerpt":{"rendered":"<p>O Conselho Municipal de Defesa do Consumidor (Condecon) se reuniu nesta ter\u00e7a-feira (28) sob a presid\u00eancia do coordenador executivo do Procon (Coordenadoria de Prote\u00e7\u00e3o e Defesa do Consumidor), Rubson Guimar\u00e3es, para deliberar sobre a presta\u00e7\u00e3o de contas do Fundo Municipal de Defesa dos Direitos Difusos (FMDD), composi\u00e7\u00e3o dos membros gestores do fundo, propostas para aplica\u00e7\u00e3o [&hellip;]<\/p>\n","protected":false},"author":1,"featured_media":17092,"comment_status":"closed","ping_status":"closed","sticky":false,"template":"","format":"standard","meta":[],"categories":[1],"tags":[],"_links":{"self":[{"href":"https:\/\/ligana104.com.br\/2021\/wp-json\/wp\/v2\/posts\/17091"}],"collection":[{"href":"https:\/\/ligana104.com.br\/2021\/wp-json\/wp\/v2\/posts"}],"about":[{"href":"https:\/\/ligana104.com.br\/2021\/wp-json\/wp\/v2\/types\/post"}],"author":[{"embeddable":true,"href":"https:\/\/ligana104.com.br\/2021\/wp-json\/wp\/v2\/users\/1"}],"replies":[{"embeddable":true,"href":"https:\/\/ligana104.com.br\/2021\/wp-json\/wp\/v2\/comments?post=17091"}],"version-history":[{"count":1,"href":"https:\/\/ligana104.com.br\/2021\/wp-json\/wp\/v2\/posts\/17091\/revisions"}],"predecessor-version":[{"id":17093,"href":"https:\/\/ligana104.com.br\/2021\/wp-json\/wp\/v2\/posts\/17091\/revisions\/17093"}],"wp:featuredmedia":[{"embeddable":true,"href":"https:\/\/ligana104.com.br\/2021\/wp-json\/wp\/v2\/media\/17092"}],"wp:attachment":[{"href":"https:\/\/ligana104.com.br\/2021\/wp-json\/wp\/v2\/media?parent=17091"}],"wp:term":[{"taxonomy":"category","embeddable":true,"href":"https:\/\/ligana104.com.br\/2021\/wp-json\/wp\/v2\/categories?post=17091"},{"taxonomy":"post_tag","embeddable":true,"href":"https:\/\/ligana104.com.br\/2021\/wp-json\/wp\/v2\/tags?post=17091"}],"curies":[{"name":"wp","href":"https:\/\/api.w.org\/{rel}","templated":true}]}}