{"id":17088,"date":"2026-04-29T02:38:01","date_gmt":"2026-04-29T05:38:01","guid":{"rendered":"https:\/\/ligana104.com.br\/2021\/2026\/04\/29\/corrida-do-trabalhador-vai-movimentar-as-ruas-de-rondonopolis-neste-feriado\/"},"modified":"2026-04-29T02:38:02","modified_gmt":"2026-04-29T05:38:02","slug":"corrida-do-trabalhador-vai-movimentar-as-ruas-de-rondonopolis-neste-feriado","status":"publish","type":"post","link":"https:\/\/ligana104.com.br\/2021\/2026\/04\/29\/corrida-do-trabalhador-vai-movimentar-as-ruas-de-rondonopolis-neste-feriado\/","title":{"rendered":"Corrida do Trabalhador vai movimentar as ruas de Rondon\u00f3polis neste feriado"},"content":{"rendered":"<p> <br \/>\n<\/p>\n<p>Os atletas amadores de Rondon\u00f3polis j\u00e1 est\u00e3o se preparando para participar de mais uma edi\u00e7\u00e3o da Corrida do Trabalhador. O evento esse ano conta com o apoio da Prefeitura que vai viabilizar parte da premia\u00e7\u00e3o, estrutura e frutas para o final da prova. A largada est\u00e1 marcada para as 17h desta sexta-feira, 1\u00ba de maio.<\/p>\n<p>Est\u00e3o sendo esperados mil participantes que v\u00e3o correr 6 km, pelas avenidas Bandeirantes e Tiradentes. A largada deve acontecer em frente ao novo terminal do transporte coletivo, na avenida Fernando Corr\u00eaa da Costa. O n\u00famero de peito e o chip ser\u00e3o entregues nesta quinta-feira (30), das 10h \u00e0s 17h30, na loja Boca Sports no centro da cidade, sendo volunt\u00e1ria a doa\u00e7\u00e3o de um litro de leite.<\/p>\n<p>Os cinco primeiros colocados v\u00e3o ganhar premia\u00e7\u00e3o em dinheiro, t\u00eanis, al\u00e9m de trof\u00e9us e medalhas disponibilizados pela Munic\u00edpio, por meio da Secretaria Adjunta de Esporte e Lazer. Al\u00e9m de concorrer pela faixa et\u00e1ria, haver\u00e1 tamb\u00e9m premia\u00e7\u00e3o especial para os servidores p\u00fablicos que participarem da corrida.<\/p>\n<p>\u201c\u00c9 uma corrida para fomentar o esporte na cidade e prestigiar somente os moradores de Rondon\u00f3polis. Queremos valorizar tamb\u00e9m os nossos servidores, por isso separamos uma categoria especial para esses trabalhadores atletas\u201d, comentou o secret\u00e1rio adjunto de Esporte e Lazer, Reydner Souza.<\/p>\n<p>Essa edi\u00e7\u00e3o da Corrida do Trabalhador n\u00e3o ter\u00e1 camiseta personalizada do evento para valorizar as assessorias que trabalham na \u00e1rea, portanto os corredores poder\u00e3o estar uniformizados conforme suas equipes.<\/p>\n<p><br \/>\n<br \/><a href=\"https:\/\/rgtnews.com.br\/noticias\/cidades\/corrida-do-trabalhador-vai-movimentar-as-ruas-de-rondonopolis-neste-feriado\/?utm_source=rss&#038;utm_medium=rss&#038;utm_campaign=corrida-do-trabalhador-vai-movimentar-as-ruas-de-rondonopolis-neste-feriado\">Fonte da Noticia <\/a><\/p>\n","protected":false},"excerpt":{"rendered":"<p>Os atletas amadores de Rondon\u00f3polis j\u00e1 est\u00e3o se preparando para participar de mais uma edi\u00e7\u00e3o da Corrida do Trabalhador. O evento esse ano conta com o apoio da Prefeitura que vai viabilizar parte da premia\u00e7\u00e3o, estrutura e frutas para o final da prova. A largada est\u00e1 marcada para as 17h desta sexta-feira, 1\u00ba de maio. [&hellip;]<\/p>\n","protected":false},"author":1,"featured_media":17089,"comment_status":"closed","ping_status":"closed","sticky":false,"template":"","format":"standard","meta":[],"categories":[1],"tags":[],"_links":{"self":[{"href":"https:\/\/ligana104.com.br\/2021\/wp-json\/wp\/v2\/posts\/17088"}],"collection":[{"href":"https:\/\/ligana104.com.br\/2021\/wp-json\/wp\/v2\/posts"}],"about":[{"href":"https:\/\/ligana104.com.br\/2021\/wp-json\/wp\/v2\/types\/post"}],"author":[{"embeddable":true,"href":"https:\/\/ligana104.com.br\/2021\/wp-json\/wp\/v2\/users\/1"}],"replies":[{"embeddable":true,"href":"https:\/\/ligana104.com.br\/2021\/wp-json\/wp\/v2\/comments?post=17088"}],"version-history":[{"count":1,"href":"https:\/\/ligana104.com.br\/2021\/wp-json\/wp\/v2\/posts\/17088\/revisions"}],"predecessor-version":[{"id":17090,"href":"https:\/\/ligana104.com.br\/2021\/wp-json\/wp\/v2\/posts\/17088\/revisions\/17090"}],"wp:featuredmedia":[{"embeddable":true,"href":"https:\/\/ligana104.com.br\/2021\/wp-json\/wp\/v2\/media\/17089"}],"wp:attachment":[{"href":"https:\/\/ligana104.com.br\/2021\/wp-json\/wp\/v2\/media?parent=17088"}],"wp:term":[{"taxonomy":"category","embeddable":true,"href":"https:\/\/ligana104.com.br\/2021\/wp-json\/wp\/v2\/categories?post=17088"},{"taxonomy":"post_tag","embeddable":true,"href":"https:\/\/ligana104.com.br\/2021\/wp-json\/wp\/v2\/tags?post=17088"}],"curies":[{"name":"wp","href":"https:\/\/api.w.org\/{rel}","templated":true}]}}