{"id":17079,"date":"2026-04-28T23:31:01","date_gmt":"2026-04-29T02:31:01","guid":{"rendered":"https:\/\/ligana104.com.br\/2021\/2026\/04\/28\/crianca-e-sequestrada-pelo-cv-obrigada-a-cavar-cova-e-quase-executada-em-tribunal-do-crime-em-mt-video\/"},"modified":"2026-04-28T23:31:01","modified_gmt":"2026-04-29T02:31:01","slug":"crianca-e-sequestrada-pelo-cv-obrigada-a-cavar-cova-e-quase-executada-em-tribunal-do-crime-em-mt-video","status":"publish","type":"post","link":"https:\/\/ligana104.com.br\/2021\/2026\/04\/28\/crianca-e-sequestrada-pelo-cv-obrigada-a-cavar-cova-e-quase-executada-em-tribunal-do-crime-em-mt-video\/","title":{"rendered":"Crian\u00e7a \u00e9 sequestrada pelo CV, obrigada a cavar cova e quase executada em \u2018tribunal do crime\u2019 em MT; v\u00eddeo"},"content":{"rendered":"<p> <br \/>\n<\/p>\n<div>\n<p>Uma crian\u00e7a foi resgatada pela Pol\u00edcia Militar ap\u00f3s ser sequestrada e mantida em c\u00e1rcere privado por quatro criminosos, na sexta-feira (24), em V\u00e1rzea Grande, regi\u00e3o metropolitana de Cuiab\u00e1. Segundo as informa\u00e7\u00f5es, o menor j\u00e1 estava sob amea\u00e7a de execu\u00e7\u00e3o durante um suposto \u201ctribunal do crime\u201d.<\/p>\n<p>De acordo com a PM, moradores acionaram as equipes ao presenciarem o momento em que o grupo levou o menino \u00e0 for\u00e7a, segurando-o pelos bra\u00e7os, at\u00e9 uma resid\u00eancia localizada na Rua dos Oper\u00e1rios, no bairro Vila Arthur. Diante da den\u00fancia, os policiais se deslocaram rapidamente at\u00e9 o endere\u00e7o indicado.<\/p>\n<p>No local, os militares encontraram a crian\u00e7a sendo mantida sob conten\u00e7\u00e3o pelos suspeitos. A v\u00edtima relatou que sofreu agress\u00f5es e recebeu amea\u00e7as constantes. Conforme o depoimento, os criminosos pretendiam executar o menino e chegaram a obrig\u00e1-lo a cavar a pr\u00f3pria cova em uma \u00e1rea pr\u00f3xima conhecida como \u201cFazendinha\u201d.<\/p>\n<p>Ainda segundo o relato, a motiva\u00e7\u00e3o do crime teria liga\u00e7\u00e3o com a suspeita de que a crian\u00e7a teria cometido furtos na regi\u00e3o. O menor apresentava les\u00f5es no rosto, compat\u00edveis com agress\u00f5es f\u00edsicas.<\/p>\n<p>A ocorr\u00eancia seguiu encaminhada para a Pol\u00edcia Civil, que dar\u00e1 continuidade \u00e0s investiga\u00e7\u00f5es.<\/p>\n<p>V\u00eddeo:<\/p>\n<blockquote class=\"instagram-media\" data-instgrm-permalink=\"https:\/\/www.instagram.com\/reel\/DXsFr82gp2p\/?utm_source=ig_embed&amp;utm_campaign=loading\" data-instgrm-version=\"14\" style=\" background:#FFF; border:0; border-radius:3px; box-shadow:0 0 1px 0 rgba(0,0,0,0.5),0 1px 10px 0 rgba(0,0,0,0.15); margin: 1px; max-width:658px; min-width:326px; padding:0; width:99.375%; width:-webkit-calc(100% - 2px); width:calc(100% - 2px);\"\/>\n<p><!-- H&aacute; banners, eles s&atilde;o deficientes ou nenhum qualificado para este local! -->\t\t<\/div>\n<p><script async src=\"\/\/www.instagram.com\/embed.js\"><\/script><br \/>\n<br \/><br \/>\n<br \/><a href=\"https:\/\/rgtnews.com.br\/destaque\/crianca-e-sequestrada-pelo-cv-obrigada-a-cavar-cova-e-quase-executada-em-tribunal-do-crime-em-mt-video\/?utm_source=rss&#038;utm_medium=rss&#038;utm_campaign=crianca-e-sequestrada-pelo-cv-obrigada-a-cavar-cova-e-quase-executada-em-tribunal-do-crime-em-mt-video\">Fonte da Noticia <\/a><\/p>\n","protected":false},"excerpt":{"rendered":"<p>Uma crian\u00e7a foi resgatada pela Pol\u00edcia Militar ap\u00f3s ser sequestrada e mantida em c\u00e1rcere privado por quatro criminosos, na sexta-feira (24), em V\u00e1rzea Grande, regi\u00e3o metropolitana de Cuiab\u00e1. Segundo as informa\u00e7\u00f5es, o menor j\u00e1 estava sob amea\u00e7a de execu\u00e7\u00e3o durante um suposto \u201ctribunal do crime\u201d. De acordo com a PM, moradores acionaram as equipes ao [&hellip;]<\/p>\n","protected":false},"author":1,"featured_media":17080,"comment_status":"closed","ping_status":"closed","sticky":false,"template":"","format":"standard","meta":[],"categories":[1],"tags":[],"_links":{"self":[{"href":"https:\/\/ligana104.com.br\/2021\/wp-json\/wp\/v2\/posts\/17079"}],"collection":[{"href":"https:\/\/ligana104.com.br\/2021\/wp-json\/wp\/v2\/posts"}],"about":[{"href":"https:\/\/ligana104.com.br\/2021\/wp-json\/wp\/v2\/types\/post"}],"author":[{"embeddable":true,"href":"https:\/\/ligana104.com.br\/2021\/wp-json\/wp\/v2\/users\/1"}],"replies":[{"embeddable":true,"href":"https:\/\/ligana104.com.br\/2021\/wp-json\/wp\/v2\/comments?post=17079"}],"version-history":[{"count":1,"href":"https:\/\/ligana104.com.br\/2021\/wp-json\/wp\/v2\/posts\/17079\/revisions"}],"predecessor-version":[{"id":17081,"href":"https:\/\/ligana104.com.br\/2021\/wp-json\/wp\/v2\/posts\/17079\/revisions\/17081"}],"wp:featuredmedia":[{"embeddable":true,"href":"https:\/\/ligana104.com.br\/2021\/wp-json\/wp\/v2\/media\/17080"}],"wp:attachment":[{"href":"https:\/\/ligana104.com.br\/2021\/wp-json\/wp\/v2\/media?parent=17079"}],"wp:term":[{"taxonomy":"category","embeddable":true,"href":"https:\/\/ligana104.com.br\/2021\/wp-json\/wp\/v2\/categories?post=17079"},{"taxonomy":"post_tag","embeddable":true,"href":"https:\/\/ligana104.com.br\/2021\/wp-json\/wp\/v2\/tags?post=17079"}],"curies":[{"name":"wp","href":"https:\/\/api.w.org\/{rel}","templated":true}]}}