{"id":17064,"date":"2026-04-28T18:09:02","date_gmt":"2026-04-28T21:09:02","guid":{"rendered":"https:\/\/ligana104.com.br\/2021\/2026\/04\/28\/pgr-arquiva-pedido-de-apuracao-contra-gilmar-por-homofobia\/"},"modified":"2026-04-28T18:09:03","modified_gmt":"2026-04-28T21:09:03","slug":"pgr-arquiva-pedido-de-apuracao-contra-gilmar-por-homofobia","status":"publish","type":"post","link":"https:\/\/ligana104.com.br\/2021\/2026\/04\/28\/pgr-arquiva-pedido-de-apuracao-contra-gilmar-por-homofobia\/","title":{"rendered":"PGR arquiva pedido de apura\u00e7\u00e3o contra Gilmar por homofobia"},"content":{"rendered":"<p> <br \/>\n<\/p>\n<div data-id=\"16dae40\" data-element_type=\"widget\" data-widget_type=\"theme-post-content.default\">\n<div class=\"elementor-widget-container\">\n<p>A Procuradoria-Geral da Rep\u00fablica (PGR) decidiu arquivar um pedido de investiga\u00e7\u00e3o contra o ministro Gilmar Mendes, do Supremo Tribunal Federal (STF), por homofobia. Como argumento, a entidade apontou que o pr\u00f3prio magistrado reconheceu sua fala como \u201cinadequada\u201d e que se retratou publicamente.<\/p>\n<p>O \u00f3rg\u00e3o afirmou ainda n\u00e3o ter identificado elementos m\u00ednimos que \u201cindiquem viola\u00e7\u00e3o relevante e atual a direitos transindividuais, il\u00edcito penal, bem como a necessidade de atua\u00e7\u00e3o institucional\u201d. A decis\u00e3o foi assinada pelo procurador da Rep\u00fablica Ubiratan Cazetta.<\/p>\n<p><a href=\"https:\/\/pleno.news\/brasil\/politica-nacional\/gilmar-associa-homossexualidade-a-algo-ofensivo-ao-criticar-zema.html\" target=\"_blank\" rel=\"noreferrer noopener\">Como mostrou o\u00a0<strong>Pleno.News<\/strong><\/a>, Gilmar sugeriu que a homossexualidade seria equipar\u00e1vel ao ato de roubar dinheiro p\u00fablico, ao tecer cr\u00edticas ao ex-governador de Minas Gerais e pr\u00e9-candidato \u00e0 Presid\u00eancia, Romeu Zema (Novo-MG).<\/p>\n<p>\u2013 Se come\u00e7amos a fazer piadas com coisas s\u00e9rias, com as institui\u00e7\u00f5es, imagine que comecemos a fazer bonecos do Zema como homossexual. Ser\u00e1 que n\u00e3o \u00e9 ofensivo? Ou se fizermos ele roubando dinheiro no Estado, ser\u00e1 que n\u00e3o \u00e9 ofensivo? \u00c9 correto brincar com isso? Homens p\u00fablicos podem fazer isso? \u2013 indagou o decano do STF, em entrevista ao portal Metr\u00f3poles.<\/p>\n<p>Em resposta publicada na rede social X, Zema descreveu a declara\u00e7\u00e3o do ministro como uma \u201cvergonha\u201d.<\/p>\n<p>\u2013 Voc\u00ea pode mandar fazer um boneco meu de homossexual, de ladr\u00e3o ou do que bem entender. Pode me satirizar \u00e0 vontade. O que voc\u00ea n\u00e3o pode fazer \u00e9 comparar homossexual com ladr\u00e3o. S\u00e9rio que voc\u00ea acha que \u00e9 a mesma coisa chamar algu\u00e9m de homossexual ou de ladr\u00e3o? A\u00ed voc\u00ea mostrou o seu mais puro preconceito para o Brasil \u2013 pontuou.<\/p>\n<p>Ap\u00f3s a repercuss\u00e3o negativa da fala, o magistrado disse ter errado ao citar homossexualidade como acusa\u00e7\u00e3o injuriosa e pediu desculpas.<\/p>\n<p>A troca de farpas ocorreu ap\u00f3s Gilmar apresentar uma not\u00edcia-crime contra Zema solicitando que o ministro do STF Alexandre de Moraes inclu\u00edsse o ex-gestor mineiro no Inqu\u00e9rito das Fake News. O motivo \u00e9 a s\u00e9rie de s\u00e1tiras intitulada\u00a0<a href=\"https:\/\/pleno.news\/brasil\/politica-nacional\/veja-video-que-levou-gilmar-a-querer-zema-no-inquerito-das-fake-news.html\" target=\"_blank\" rel=\"noreferrer noopener\"><em>Os Intoc\u00e1veis<\/em><\/a>, feita pelo ex-governador nas redes sociais contra magistrados da Corte.<br \/>\n<!-- H&aacute; banners, eles s&atilde;o deficientes ou nenhum qualificado para este local! --><\/p>\n<\/p><\/div><\/div>\n<p><br \/>\n<br \/><a href=\"https:\/\/rgtnews.com.br\/noticias\/politica\/pgr-arquiva-pedido-de-apuracao-contra-gilmar-por-homofobia\/?utm_source=rss&#038;utm_medium=rss&#038;utm_campaign=pgr-arquiva-pedido-de-apuracao-contra-gilmar-por-homofobia\">Fonte da Noticia <\/a><\/p>\n","protected":false},"excerpt":{"rendered":"<p>A Procuradoria-Geral da Rep\u00fablica (PGR) decidiu arquivar um pedido de investiga\u00e7\u00e3o contra o ministro Gilmar Mendes, do Supremo Tribunal Federal (STF), por homofobia. Como argumento, a entidade apontou que o pr\u00f3prio magistrado reconheceu sua fala como \u201cinadequada\u201d e que se retratou publicamente. O \u00f3rg\u00e3o afirmou ainda n\u00e3o ter identificado elementos m\u00ednimos que \u201cindiquem viola\u00e7\u00e3o relevante [&hellip;]<\/p>\n","protected":false},"author":1,"featured_media":17065,"comment_status":"closed","ping_status":"closed","sticky":false,"template":"","format":"standard","meta":[],"categories":[1],"tags":[],"_links":{"self":[{"href":"https:\/\/ligana104.com.br\/2021\/wp-json\/wp\/v2\/posts\/17064"}],"collection":[{"href":"https:\/\/ligana104.com.br\/2021\/wp-json\/wp\/v2\/posts"}],"about":[{"href":"https:\/\/ligana104.com.br\/2021\/wp-json\/wp\/v2\/types\/post"}],"author":[{"embeddable":true,"href":"https:\/\/ligana104.com.br\/2021\/wp-json\/wp\/v2\/users\/1"}],"replies":[{"embeddable":true,"href":"https:\/\/ligana104.com.br\/2021\/wp-json\/wp\/v2\/comments?post=17064"}],"version-history":[{"count":1,"href":"https:\/\/ligana104.com.br\/2021\/wp-json\/wp\/v2\/posts\/17064\/revisions"}],"predecessor-version":[{"id":17066,"href":"https:\/\/ligana104.com.br\/2021\/wp-json\/wp\/v2\/posts\/17064\/revisions\/17066"}],"wp:featuredmedia":[{"embeddable":true,"href":"https:\/\/ligana104.com.br\/2021\/wp-json\/wp\/v2\/media\/17065"}],"wp:attachment":[{"href":"https:\/\/ligana104.com.br\/2021\/wp-json\/wp\/v2\/media?parent=17064"}],"wp:term":[{"taxonomy":"category","embeddable":true,"href":"https:\/\/ligana104.com.br\/2021\/wp-json\/wp\/v2\/categories?post=17064"},{"taxonomy":"post_tag","embeddable":true,"href":"https:\/\/ligana104.com.br\/2021\/wp-json\/wp\/v2\/tags?post=17064"}],"curies":[{"name":"wp","href":"https:\/\/api.w.org\/{rel}","templated":true}]}}