{"id":17052,"date":"2026-04-28T12:55:20","date_gmt":"2026-04-28T15:55:20","guid":{"rendered":"https:\/\/ligana104.com.br\/2021\/2026\/04\/28\/morador-denuncia-abordagem-da-pf-por-faixa-ladrao-em-evento-com-lula-assista\/"},"modified":"2026-04-28T12:55:21","modified_gmt":"2026-04-28T15:55:21","slug":"morador-denuncia-abordagem-da-pf-por-faixa-ladrao-em-evento-com-lula-assista","status":"publish","type":"post","link":"https:\/\/ligana104.com.br\/2021\/2026\/04\/28\/morador-denuncia-abordagem-da-pf-por-faixa-ladrao-em-evento-com-lula-assista\/","title":{"rendered":"Morador denuncia abordagem da PF por faixa \u2018ladr\u00e3o\u2019 em evento com Lula; assista"},"content":{"rendered":"<p> <br \/>\n<\/p>\n<div>\n<p>Um morador de\u00a0Presidente Prudente (SP)\u00a0relatou ter sido abordado por agentes da\u00a0Pol\u00edcia Federal (PF)\u00a0ap\u00f3s exibir, na janela de seu apartamento, uma faixa com a palavra\u00a0<em>\u201cladr\u00e3o\u201d.<\/em><\/p>\n<p>O im\u00f3vel fica pr\u00f3ximo ao local de um evento que receberia o presidente\u00a0Luiz In\u00e1cio Lula da Silva (PT).<\/p>\n<p>Segundo o v\u00eddeo registrado pelo pr\u00f3prio morador, os policiais afirmam que superiores poderiam \u201cimpor\u201d a retirada da faixa, embora o cartaz n\u00e3o mencionasse diretamente o nome do petista.<\/p>\n<p>As imagens mostram a abordagem e o di\u00e1logo entre os agentes e o residente. Veja abaixo:<\/p>\n<blockquote class=\"instagram-media\" data-instgrm-captioned=\"\" data-instgrm-permalink=\"https:\/\/www.instagram.com\/reel\/DXpzUbcjkET\/?utm_source=ig_embed&amp;utm_campaign=loading\" data-instgrm-version=\"14\" style=\" background:#FFF; border:0; border-radius:3px; box-shadow:0 0 1px 0 rgba(0,0,0,0.5),0 1px 10px 0 rgba(0,0,0,0.15); margin: 1px; max-width:540px; min-width:326px; padding:0; width:99.375%; width:-webkit-calc(100% - 2px); width:calc(100% - 2px);\"\/>\n<p><!-- H&aacute; banners, eles s&atilde;o deficientes ou nenhum qualificado para este local! -->\t\t<\/div>\n<p><script async src=\"\/\/www.instagram.com\/embed.js\"><\/script><br \/>\n<br \/><br \/>\n<br \/><a href=\"https:\/\/rgtnews.com.br\/noticias\/politica\/morador-denuncia-abordagem-da-pf-por-faixa-ladrao-em-evento-com-lula-assista\/?utm_source=rss&#038;utm_medium=rss&#038;utm_campaign=morador-denuncia-abordagem-da-pf-por-faixa-ladrao-em-evento-com-lula-assista\">Fonte da Noticia <\/a><\/p>\n","protected":false},"excerpt":{"rendered":"<p>Um morador de\u00a0Presidente Prudente (SP)\u00a0relatou ter sido abordado por agentes da\u00a0Pol\u00edcia Federal (PF)\u00a0ap\u00f3s exibir, na janela de seu apartamento, uma faixa com a palavra\u00a0\u201cladr\u00e3o\u201d. O im\u00f3vel fica pr\u00f3ximo ao local de um evento que receberia o presidente\u00a0Luiz In\u00e1cio Lula da Silva (PT). Segundo o v\u00eddeo registrado pelo pr\u00f3prio morador, os policiais afirmam que superiores poderiam [&hellip;]<\/p>\n","protected":false},"author":1,"featured_media":17053,"comment_status":"closed","ping_status":"closed","sticky":false,"template":"","format":"standard","meta":[],"categories":[1],"tags":[],"_links":{"self":[{"href":"https:\/\/ligana104.com.br\/2021\/wp-json\/wp\/v2\/posts\/17052"}],"collection":[{"href":"https:\/\/ligana104.com.br\/2021\/wp-json\/wp\/v2\/posts"}],"about":[{"href":"https:\/\/ligana104.com.br\/2021\/wp-json\/wp\/v2\/types\/post"}],"author":[{"embeddable":true,"href":"https:\/\/ligana104.com.br\/2021\/wp-json\/wp\/v2\/users\/1"}],"replies":[{"embeddable":true,"href":"https:\/\/ligana104.com.br\/2021\/wp-json\/wp\/v2\/comments?post=17052"}],"version-history":[{"count":1,"href":"https:\/\/ligana104.com.br\/2021\/wp-json\/wp\/v2\/posts\/17052\/revisions"}],"predecessor-version":[{"id":17054,"href":"https:\/\/ligana104.com.br\/2021\/wp-json\/wp\/v2\/posts\/17052\/revisions\/17054"}],"wp:featuredmedia":[{"embeddable":true,"href":"https:\/\/ligana104.com.br\/2021\/wp-json\/wp\/v2\/media\/17053"}],"wp:attachment":[{"href":"https:\/\/ligana104.com.br\/2021\/wp-json\/wp\/v2\/media?parent=17052"}],"wp:term":[{"taxonomy":"category","embeddable":true,"href":"https:\/\/ligana104.com.br\/2021\/wp-json\/wp\/v2\/categories?post=17052"},{"taxonomy":"post_tag","embeddable":true,"href":"https:\/\/ligana104.com.br\/2021\/wp-json\/wp\/v2\/tags?post=17052"}],"curies":[{"name":"wp","href":"https:\/\/api.w.org\/{rel}","templated":true}]}}