{"id":17049,"date":"2026-04-28T11:52:19","date_gmt":"2026-04-28T14:52:19","guid":{"rendered":"https:\/\/ligana104.com.br\/2021\/2026\/04\/28\/supermercados-e-acougues-em-rondonopolis-poderao-abrir-no-dia-do-trabalhador\/"},"modified":"2026-04-28T11:52:20","modified_gmt":"2026-04-28T14:52:20","slug":"supermercados-e-acougues-em-rondonopolis-poderao-abrir-no-dia-do-trabalhador","status":"publish","type":"post","link":"https:\/\/ligana104.com.br\/2021\/2026\/04\/28\/supermercados-e-acougues-em-rondonopolis-poderao-abrir-no-dia-do-trabalhador\/","title":{"rendered":"Supermercados e a\u00e7ougues em Rondon\u00f3polis poder\u00e3o abrir no\u00a0Dia\u00a0do\u00a0Trabalhador"},"content":{"rendered":"<p> <br \/>\n<\/p>\n<p>No feriado do Dia do Trabalhador, nesta sexta-feira (01\/05), o com\u00e9rcio varejista de Rondon\u00f3polis n\u00e3o abrir\u00e1 suas portas, apenas supermercados e a\u00e7ougues est\u00e3o autorizados a funcionar.<\/p>\n<p>A decis\u00e3o segue o que foi acordado na Conven\u00e7\u00e3o Coletiva de Trabalho entre o Sindicato do Com\u00e9rcio Varejista de Rondon\u00f3polis (SinCom-Roo) e os representantes sindicais dos trabalhadores do com\u00e9rcio.<\/p>\n<p>Vale destacar que mercados, supermercados e a\u00e7ougues possuem autoriza\u00e7\u00e3o para funcionar nesta data, das 07 \u00e0s 21 horas. J\u00e1 no s\u00e1bado (02), o com\u00e9rcio retoma o atendimento normal, seguindo os hor\u00e1rios estabelecidos em seus respectivos alvar\u00e1s de funcionamento.<\/p>\n<p>O Sindicato do Com\u00e9rcio Varejista de Rondon\u00f3polis aproveita a ocasi\u00e3o para prestar merecidas homenagens e expressar seu reconhecimento a todos os trabalhadores de Rondon\u00f3polis, em especial \u00e0queles que comp\u00f5em o segmento comercial da cidade.<br \/>Outras informa\u00e7\u00f5es pelo telefone (66) 99961-1997.<\/p>\n<p><br \/>\n<br \/><a href=\"https:\/\/rgtnews.com.br\/noticias\/economia\/supermercados-e-acougues-em-rondonopolis-poderao-abrir-no-dia-do-trabalhador\/?utm_source=rss&#038;utm_medium=rss&#038;utm_campaign=supermercados-e-acougues-em-rondonopolis-poderao-abrir-no-dia-do-trabalhador\">Fonte da Noticia <\/a><\/p>\n","protected":false},"excerpt":{"rendered":"<p>No feriado do Dia do Trabalhador, nesta sexta-feira (01\/05), o com\u00e9rcio varejista de Rondon\u00f3polis n\u00e3o abrir\u00e1 suas portas, apenas supermercados e a\u00e7ougues est\u00e3o autorizados a funcionar. A decis\u00e3o segue o que foi acordado na Conven\u00e7\u00e3o Coletiva de Trabalho entre o Sindicato do Com\u00e9rcio Varejista de Rondon\u00f3polis (SinCom-Roo) e os representantes sindicais dos trabalhadores do com\u00e9rcio. [&hellip;]<\/p>\n","protected":false},"author":1,"featured_media":17050,"comment_status":"closed","ping_status":"closed","sticky":false,"template":"","format":"standard","meta":[],"categories":[1],"tags":[],"_links":{"self":[{"href":"https:\/\/ligana104.com.br\/2021\/wp-json\/wp\/v2\/posts\/17049"}],"collection":[{"href":"https:\/\/ligana104.com.br\/2021\/wp-json\/wp\/v2\/posts"}],"about":[{"href":"https:\/\/ligana104.com.br\/2021\/wp-json\/wp\/v2\/types\/post"}],"author":[{"embeddable":true,"href":"https:\/\/ligana104.com.br\/2021\/wp-json\/wp\/v2\/users\/1"}],"replies":[{"embeddable":true,"href":"https:\/\/ligana104.com.br\/2021\/wp-json\/wp\/v2\/comments?post=17049"}],"version-history":[{"count":1,"href":"https:\/\/ligana104.com.br\/2021\/wp-json\/wp\/v2\/posts\/17049\/revisions"}],"predecessor-version":[{"id":17051,"href":"https:\/\/ligana104.com.br\/2021\/wp-json\/wp\/v2\/posts\/17049\/revisions\/17051"}],"wp:featuredmedia":[{"embeddable":true,"href":"https:\/\/ligana104.com.br\/2021\/wp-json\/wp\/v2\/media\/17050"}],"wp:attachment":[{"href":"https:\/\/ligana104.com.br\/2021\/wp-json\/wp\/v2\/media?parent=17049"}],"wp:term":[{"taxonomy":"category","embeddable":true,"href":"https:\/\/ligana104.com.br\/2021\/wp-json\/wp\/v2\/categories?post=17049"},{"taxonomy":"post_tag","embeddable":true,"href":"https:\/\/ligana104.com.br\/2021\/wp-json\/wp\/v2\/tags?post=17049"}],"curies":[{"name":"wp","href":"https:\/\/api.w.org\/{rel}","templated":true}]}}