{"id":17046,"date":"2026-04-28T10:51:49","date_gmt":"2026-04-28T13:51:49","guid":{"rendered":"https:\/\/ligana104.com.br\/2021\/2026\/04\/28\/rondonopolis-saude-promove-imunizacao-em-horario-estendido-nesta-terca-28-e-quarta-29\/"},"modified":"2026-04-28T10:51:50","modified_gmt":"2026-04-28T13:51:50","slug":"rondonopolis-saude-promove-imunizacao-em-horario-estendido-nesta-terca-28-e-quarta-29","status":"publish","type":"post","link":"https:\/\/ligana104.com.br\/2021\/2026\/04\/28\/rondonopolis-saude-promove-imunizacao-em-horario-estendido-nesta-terca-28-e-quarta-29\/","title":{"rendered":"Rondon\u00f3polis: Sa\u00fade promove imuniza\u00e7\u00e3o em hor\u00e1rio estendido nesta ter\u00e7a (28) e quarta (29)"},"content":{"rendered":"<p> <br \/>\n<\/p>\n<p>A Secretaria Municipal de Sa\u00fade (SMS) segue promovendo a\u00e7\u00f5es para possibilitar que a popula\u00e7\u00e3o atualize o cart\u00e3o de vacina\u00e7\u00e3o, e realiza nesta ter\u00e7a-feira (28) e quarta-feira (29) mais duas edi\u00e7\u00f5es do hor\u00e1rio estendido de sa\u00fade.<\/p>\n<p>As 64 unidades b\u00e1sicas de sa\u00fade (UBSs) v\u00e3o funcionar das 17h \u00e0s 20h, em ambos os dias, ofertando exclusivamente a imuniza\u00e7\u00e3o. Todas as vacinas de rotina do SUS ser\u00e3o disponibilizadas.<\/p>\n<p>Al\u00e9m disso, a vacina\u00e7\u00e3o contra a Influenza para os grupos priorit\u00e1rios tamb\u00e9m estar\u00e1 dispon\u00edvel. Podem se vacinar neste momento crian\u00e7as com idade de 6 meses a menores de 6 anos, idosos (60 anos ou mais), gestantes, pu\u00e9rperas (at\u00e9 45 dias ap\u00f3s o parto), pessoas com comorbidades e pessoas com defici\u00eancia permanente.<\/p>\n<p>Fazem parte ainda da lista os trabalhadores do transporte coletivo, caminhoneiros, trabalhadores da sa\u00fade, professores, profissionais das for\u00e7as de seguran\u00e7a, servidores do sistema prisional e popula\u00e7\u00e3o privada de liberdade. O Minist\u00e9rio da Sa\u00fade ainda n\u00e3o liberou a vacina contra a Influenza para o p\u00fablico em geral.<\/p>\n<figure class=\"wp-block-image\"><figcaption class=\"wp-element-caption\">Mauricio Renner<\/figcaption><\/figure>\n<p>O hor\u00e1rio estendido de sa\u00fade foi uma pol\u00edtica adotada pela gest\u00e3o Cl\u00e1udio Ferreira para possibilitar que as pessoas que n\u00e3o conseguem ir at\u00e9 as UBSs durante o atendimento de rotina semanal tamb\u00e9m possam atualizar suas vacinas.<\/p>\n<p>\u201cContamos com a participa\u00e7\u00e3o da popula\u00e7\u00e3o. Procure uma unidade de sa\u00fade, leve seu cart\u00e3o de vacina\u00e7\u00e3o e documento de identifica\u00e7\u00e3o, e aproveite essa oportunidade para se proteger\u201d, destacou o secret\u00e1rio Municipal de Sa\u00fade, Mykaell Vitorino.<\/p>\n<p><br \/>\n<br \/><a href=\"https:\/\/rgtnews.com.br\/noticias\/cidades\/rondonopolis-saude-promove-imunizacao-em-horario-estendido-nesta-terca-28-e-quarta-29\/?utm_source=rss&#038;utm_medium=rss&#038;utm_campaign=rondonopolis-saude-promove-imunizacao-em-horario-estendido-nesta-terca-28-e-quarta-29\">Fonte da Noticia <\/a><\/p>\n","protected":false},"excerpt":{"rendered":"<p>A Secretaria Municipal de Sa\u00fade (SMS) segue promovendo a\u00e7\u00f5es para possibilitar que a popula\u00e7\u00e3o atualize o cart\u00e3o de vacina\u00e7\u00e3o, e realiza nesta ter\u00e7a-feira (28) e quarta-feira (29) mais duas edi\u00e7\u00f5es do hor\u00e1rio estendido de sa\u00fade. As 64 unidades b\u00e1sicas de sa\u00fade (UBSs) v\u00e3o funcionar das 17h \u00e0s 20h, em ambos os dias, ofertando exclusivamente a [&hellip;]<\/p>\n","protected":false},"author":1,"featured_media":17047,"comment_status":"closed","ping_status":"closed","sticky":false,"template":"","format":"standard","meta":[],"categories":[1],"tags":[],"_links":{"self":[{"href":"https:\/\/ligana104.com.br\/2021\/wp-json\/wp\/v2\/posts\/17046"}],"collection":[{"href":"https:\/\/ligana104.com.br\/2021\/wp-json\/wp\/v2\/posts"}],"about":[{"href":"https:\/\/ligana104.com.br\/2021\/wp-json\/wp\/v2\/types\/post"}],"author":[{"embeddable":true,"href":"https:\/\/ligana104.com.br\/2021\/wp-json\/wp\/v2\/users\/1"}],"replies":[{"embeddable":true,"href":"https:\/\/ligana104.com.br\/2021\/wp-json\/wp\/v2\/comments?post=17046"}],"version-history":[{"count":1,"href":"https:\/\/ligana104.com.br\/2021\/wp-json\/wp\/v2\/posts\/17046\/revisions"}],"predecessor-version":[{"id":17048,"href":"https:\/\/ligana104.com.br\/2021\/wp-json\/wp\/v2\/posts\/17046\/revisions\/17048"}],"wp:featuredmedia":[{"embeddable":true,"href":"https:\/\/ligana104.com.br\/2021\/wp-json\/wp\/v2\/media\/17047"}],"wp:attachment":[{"href":"https:\/\/ligana104.com.br\/2021\/wp-json\/wp\/v2\/media?parent=17046"}],"wp:term":[{"taxonomy":"category","embeddable":true,"href":"https:\/\/ligana104.com.br\/2021\/wp-json\/wp\/v2\/categories?post=17046"},{"taxonomy":"post_tag","embeddable":true,"href":"https:\/\/ligana104.com.br\/2021\/wp-json\/wp\/v2\/tags?post=17046"}],"curies":[{"name":"wp","href":"https:\/\/api.w.org\/{rel}","templated":true}]}}