{"id":17040,"date":"2026-04-28T08:45:19","date_gmt":"2026-04-28T11:45:19","guid":{"rendered":"https:\/\/ligana104.com.br\/2021\/2026\/04\/28\/homem-e-sequestrado-por-faccionados-e-fica-com-bala-alojada-na-cabeca-em-mt-video-mostra-resgate\/"},"modified":"2026-04-28T08:45:20","modified_gmt":"2026-04-28T11:45:20","slug":"homem-e-sequestrado-por-faccionados-e-fica-com-bala-alojada-na-cabeca-em-mt-video-mostra-resgate","status":"publish","type":"post","link":"https:\/\/ligana104.com.br\/2021\/2026\/04\/28\/homem-e-sequestrado-por-faccionados-e-fica-com-bala-alojada-na-cabeca-em-mt-video-mostra-resgate\/","title":{"rendered":"Homem \u00e9 sequestrado por faccionados e fica com bala alojada na cabe\u00e7a em MT; v\u00eddeo mostra resgate"},"content":{"rendered":"<p> <br \/>\n<\/p>\n<div>\n<p>Um homem ainda n\u00e3o identificado sofreu sequestro seguido de tentativa de homic\u00eddio na tarde desta segunda-feira (27), em Lucas do Rio Verde-MT. Mesmo baleado, ele conseguiu fugir dos criminosos e buscar ajuda.<\/p>\n<p>Conforme as informa\u00e7\u00f5es, os suspeitos renderam a v\u00edtima dentro da pr\u00f3pria casa, no bairro Alvorada, e a levaram \u00e0 for\u00e7a at\u00e9 uma \u00e1rea de mata nos fundos do Ecoponto Tessele J\u00fanior. No local, os criminosos efetuaram disparos de arma de fogo, sendo que um dos tiros atingiu a regi\u00e3o da cabe\u00e7a e outro causou um ferimento de rasp\u00e3o.<\/p>\n<p>Mesmo gravemente ferido, o homem reagiu, escapou dos autores, atravessou a \u00e1rea de mata e pulou o muro do Ecoponto, onde acabou encontrado por funcion\u00e1rios, que acionaram as equipes de emerg\u00eancia ao perceberem a situa\u00e7\u00e3o.<\/p>\n<p>O Corpo de Bombeiros realizou o resgate e encaminhou a v\u00edtima ao Hospital S\u00e3o Lucas. O estado de sa\u00fade n\u00e3o teve divulga\u00e7\u00e3o.<\/p>\n<p>A Pol\u00edcia Civil investiga o caso para identificar os envolvidos e esclarecer a motiva\u00e7\u00e3o do crime.<\/p>\n<blockquote class=\"instagram-media\" data-instgrm-captioned=\"\" data-instgrm-permalink=\"https:\/\/www.instagram.com\/reel\/DXp2UDgjqof\/?utm_source=ig_embed&amp;utm_campaign=loading\" data-instgrm-version=\"14\" style=\" background:#FFF; border:0; border-radius:3px; box-shadow:0 0 1px 0 rgba(0,0,0,0.5),0 1px 10px 0 rgba(0,0,0,0.15); margin: 1px; max-width:540px; min-width:326px; padding:0; width:99.375%; width:-webkit-calc(100% - 2px); width:calc(100% - 2px);\"\/>\n<p><!-- H&aacute; banners, eles s&atilde;o deficientes ou nenhum qualificado para este local! -->\t\t<\/div>\n<p><script async src=\"\/\/www.instagram.com\/embed.js\"><\/script><br \/>\n<br \/><br \/>\n<br \/><a href=\"https:\/\/rgtnews.com.br\/destaque\/homem-e-sequestrado-por-faccionados-e-fica-com-bala-alojada-na-cabeca-em-mt-video-mostra-resgate\/?utm_source=rss&#038;utm_medium=rss&#038;utm_campaign=homem-e-sequestrado-por-faccionados-e-fica-com-bala-alojada-na-cabeca-em-mt-video-mostra-resgate\">Fonte da Noticia <\/a><\/p>\n","protected":false},"excerpt":{"rendered":"<p>Um homem ainda n\u00e3o identificado sofreu sequestro seguido de tentativa de homic\u00eddio na tarde desta segunda-feira (27), em Lucas do Rio Verde-MT. Mesmo baleado, ele conseguiu fugir dos criminosos e buscar ajuda. Conforme as informa\u00e7\u00f5es, os suspeitos renderam a v\u00edtima dentro da pr\u00f3pria casa, no bairro Alvorada, e a levaram \u00e0 for\u00e7a at\u00e9 uma \u00e1rea [&hellip;]<\/p>\n","protected":false},"author":1,"featured_media":17041,"comment_status":"closed","ping_status":"closed","sticky":false,"template":"","format":"standard","meta":[],"categories":[1],"tags":[],"_links":{"self":[{"href":"https:\/\/ligana104.com.br\/2021\/wp-json\/wp\/v2\/posts\/17040"}],"collection":[{"href":"https:\/\/ligana104.com.br\/2021\/wp-json\/wp\/v2\/posts"}],"about":[{"href":"https:\/\/ligana104.com.br\/2021\/wp-json\/wp\/v2\/types\/post"}],"author":[{"embeddable":true,"href":"https:\/\/ligana104.com.br\/2021\/wp-json\/wp\/v2\/users\/1"}],"replies":[{"embeddable":true,"href":"https:\/\/ligana104.com.br\/2021\/wp-json\/wp\/v2\/comments?post=17040"}],"version-history":[{"count":1,"href":"https:\/\/ligana104.com.br\/2021\/wp-json\/wp\/v2\/posts\/17040\/revisions"}],"predecessor-version":[{"id":17042,"href":"https:\/\/ligana104.com.br\/2021\/wp-json\/wp\/v2\/posts\/17040\/revisions\/17042"}],"wp:featuredmedia":[{"embeddable":true,"href":"https:\/\/ligana104.com.br\/2021\/wp-json\/wp\/v2\/media\/17041"}],"wp:attachment":[{"href":"https:\/\/ligana104.com.br\/2021\/wp-json\/wp\/v2\/media?parent=17040"}],"wp:term":[{"taxonomy":"category","embeddable":true,"href":"https:\/\/ligana104.com.br\/2021\/wp-json\/wp\/v2\/categories?post=17040"},{"taxonomy":"post_tag","embeddable":true,"href":"https:\/\/ligana104.com.br\/2021\/wp-json\/wp\/v2\/tags?post=17040"}],"curies":[{"name":"wp","href":"https:\/\/api.w.org\/{rel}","templated":true}]}}