{"id":17034,"date":"2026-04-27T22:18:00","date_gmt":"2026-04-28T01:18:00","guid":{"rendered":"https:\/\/ligana104.com.br\/2021\/2026\/04\/27\/congresso-nacional-do-pt-teve-cartaz-pedindo-volta-de-maduro\/"},"modified":"2026-04-27T22:18:02","modified_gmt":"2026-04-28T01:18:02","slug":"congresso-nacional-do-pt-teve-cartaz-pedindo-volta-de-maduro","status":"publish","type":"post","link":"https:\/\/ligana104.com.br\/2021\/2026\/04\/27\/congresso-nacional-do-pt-teve-cartaz-pedindo-volta-de-maduro\/","title":{"rendered":"Congresso Nacional do PT teve cartaz pedindo volta de Maduro"},"content":{"rendered":"<p> <br \/>\n<\/p>\n<div>\n<p>Realizado na noite da \u00faltima sexta-feira (24) em Bras\u00edlia, o Congresso Nacional do Partido dos Trabalhadores (PT) contou com um banner em um palco pedindo a volta do ditador Nicol\u00e1s Maduro e de sua esposa, Cilia Flores, \u00e0 Venezuela.<\/p>\n<p>O cartaz com a foto do casal e a inscri\u00e7\u00e3o \u201cLos Queremos de Vuelta\u201d (Queremos eles de volta, em portugu\u00eas) estava no palco do\u00a0<em>Ato de Solidariedade Internacional Pela Paz<\/em>. Ele foi organizado pela secretaria de rela\u00e7\u00f5es internacionais do PT, chefiada por Humberto Costa (PT).<\/p>\n<p>O evento contou com cr\u00edticas \u00e0 interven\u00e7\u00e3o dos Estados Unidos na Venezuela, no Ir\u00e3, e as amea\u00e7as a Cuba. O 8\u00ba Congresso Nacional do PT teve in\u00edcio na \u00faltima sexta e se estendeu at\u00e9 este domingo (26). Estiveram presentes 600 delegados de diversas partes do pa\u00eds.<\/p>\n<p>Maduro e sua esposa foram capturados pelos Estados Unidos em janeiro deste ano e levados para Nova Iorque a fim de serem julgados por crimes de narcoterrorismo, conspira\u00e7\u00e3o para importar coca\u00edna e posse de armas ilegais.<\/p>\n<p>Na ocasi\u00e3o, o PT se pronunciou afirmando que a a\u00e7\u00e3o tratava-se da \u201cmais grave agress\u00e3o internacional registrada na Am\u00e9rica do Sul no s\u00e9culo 21\u201d.<br \/>\n<!-- H&aacute; banners, eles s&atilde;o deficientes ou nenhum qualificado para este local! --><\/p>\n<\/p><\/div>\n<p><br \/>\n<br \/><a href=\"https:\/\/rgtnews.com.br\/noticias\/politica\/congresso-nacional-do-pt-teve-cartaz-pedindo-volta-de-maduro\/?utm_source=rss&#038;utm_medium=rss&#038;utm_campaign=congresso-nacional-do-pt-teve-cartaz-pedindo-volta-de-maduro\">Fonte da Noticia <\/a><\/p>\n","protected":false},"excerpt":{"rendered":"<p>Realizado na noite da \u00faltima sexta-feira (24) em Bras\u00edlia, o Congresso Nacional do Partido dos Trabalhadores (PT) contou com um banner em um palco pedindo a volta do ditador Nicol\u00e1s Maduro e de sua esposa, Cilia Flores, \u00e0 Venezuela. O cartaz com a foto do casal e a inscri\u00e7\u00e3o \u201cLos Queremos de Vuelta\u201d (Queremos eles [&hellip;]<\/p>\n","protected":false},"author":1,"featured_media":17035,"comment_status":"closed","ping_status":"closed","sticky":false,"template":"","format":"standard","meta":[],"categories":[1],"tags":[],"_links":{"self":[{"href":"https:\/\/ligana104.com.br\/2021\/wp-json\/wp\/v2\/posts\/17034"}],"collection":[{"href":"https:\/\/ligana104.com.br\/2021\/wp-json\/wp\/v2\/posts"}],"about":[{"href":"https:\/\/ligana104.com.br\/2021\/wp-json\/wp\/v2\/types\/post"}],"author":[{"embeddable":true,"href":"https:\/\/ligana104.com.br\/2021\/wp-json\/wp\/v2\/users\/1"}],"replies":[{"embeddable":true,"href":"https:\/\/ligana104.com.br\/2021\/wp-json\/wp\/v2\/comments?post=17034"}],"version-history":[{"count":1,"href":"https:\/\/ligana104.com.br\/2021\/wp-json\/wp\/v2\/posts\/17034\/revisions"}],"predecessor-version":[{"id":17036,"href":"https:\/\/ligana104.com.br\/2021\/wp-json\/wp\/v2\/posts\/17034\/revisions\/17036"}],"wp:featuredmedia":[{"embeddable":true,"href":"https:\/\/ligana104.com.br\/2021\/wp-json\/wp\/v2\/media\/17035"}],"wp:attachment":[{"href":"https:\/\/ligana104.com.br\/2021\/wp-json\/wp\/v2\/media?parent=17034"}],"wp:term":[{"taxonomy":"category","embeddable":true,"href":"https:\/\/ligana104.com.br\/2021\/wp-json\/wp\/v2\/categories?post=17034"},{"taxonomy":"post_tag","embeddable":true,"href":"https:\/\/ligana104.com.br\/2021\/wp-json\/wp\/v2\/tags?post=17034"}],"curies":[{"name":"wp","href":"https:\/\/api.w.org\/{rel}","templated":true}]}}