{"id":17031,"date":"2026-04-27T21:16:10","date_gmt":"2026-04-28T00:16:10","guid":{"rendered":"https:\/\/ligana104.com.br\/2021\/2026\/04\/27\/neles-farias-defende-criacao-da-frente-integrada-do-terceiro-setor-para-viabilizar-recursos-a-ongs\/"},"modified":"2026-04-27T21:16:11","modified_gmt":"2026-04-28T00:16:11","slug":"neles-farias-defende-criacao-da-frente-integrada-do-terceiro-setor-para-viabilizar-recursos-a-ongs","status":"publish","type":"post","link":"https:\/\/ligana104.com.br\/2021\/2026\/04\/27\/neles-farias-defende-criacao-da-frente-integrada-do-terceiro-setor-para-viabilizar-recursos-a-ongs\/","title":{"rendered":"Neles Farias defende cria\u00e7\u00e3o da Frente Integrada do Terceiro Setor para viabilizar recursos a ONGs"},"content":{"rendered":"<p> <br \/>\n<\/p>\n<p>O empres\u00e1rio e pr\u00e9-candidato a deputado estadual Neles Farias defende a cria\u00e7\u00e3o da Frente Integrada do Terceiro Setor como estrat\u00e9gia para ampliar o acesso a recursos financeiros e fortalecer a atua\u00e7\u00e3o de organiza\u00e7\u00f5es n\u00e3o governamentais em Rondon\u00f3polis e em todo o estado. A ideia busca estruturar um modelo mais eficiente de articula\u00e7\u00e3o entre entidades sociais, iniciativa privada e poder p\u00fablico.<\/p>\n<p>Neles Farias afirma que o terceiro setor exerce papel essencial no atendimento \u00e0 popula\u00e7\u00e3o, especialmente em \u00e1reas como assist\u00eancia social, educa\u00e7\u00e3o e prote\u00e7\u00e3o animal. Segundo ele, muitas dessas institui\u00e7\u00f5es atuam diretamente com pessoas em situa\u00e7\u00e3o de vulnerabilidade e enfrentam dificuldades para manter e expandir seus projetos. \u201cAs organiza\u00e7\u00f5es j\u00e1 fazem um trabalho relevante, mas precisam de mais estrutura e apoio para continuar atendendo quem mais precisa\u201d.<\/p>\n<p>A proposta prev\u00ea a cria\u00e7\u00e3o de um espa\u00e7o permanente de di\u00e1logo e coopera\u00e7\u00e3o, com foco na viabiliza\u00e7\u00e3o de fundos espec\u00edficos, no fortalecimento de parcerias institucionais e no suporte t\u00e9cnico \u00e0s entidades. O projeto inclui orienta\u00e7\u00e3o para elabora\u00e7\u00e3o de propostas, acesso a editais e aprimoramento dos processos de presta\u00e7\u00e3o de contas.<\/p>\n<p>Neles Farias destaca que a burocracia e a falta de suporte t\u00e9cnico dificultam o acesso a recursos por parte das ONGs. De acordo com ele, a Frente Integrada do Terceiro Setor tem como objetivo organizar esse cen\u00e1rio e criar caminhos mais claros e acess\u00edveis para a capta\u00e7\u00e3o de investimentos. \u201cMuitas iniciativas deixam de sair do papel por falta de orienta\u00e7\u00e3o. A frente vem para dar suporte e transformar boas ideias em projetos concretos\u201d, afirma.<\/p>\n<p>A iniciativa tamb\u00e9m pretende ampliar a visibilidade das a\u00e7\u00f5es desenvolvidas pelas organiza\u00e7\u00f5es sociais e valorizar o impacto gerado por essas institui\u00e7\u00f5es na comunidade. Para o pr\u00e9-candidato, o fortalecimento do terceiro setor contribui diretamente para a melhoria da qualidade de vida da popula\u00e7\u00e3o.<\/p>\n<p><br \/>\n<br \/><a href=\"https:\/\/rgtnews.com.br\/noticias\/politica\/neles-farias-defende-criacao-da-frente-integrada-do-terceiro-setor-para-viabilizar-recursos-a-ongs\/?utm_source=rss&#038;utm_medium=rss&#038;utm_campaign=neles-farias-defende-criacao-da-frente-integrada-do-terceiro-setor-para-viabilizar-recursos-a-ongs\">Fonte da Noticia <\/a><\/p>\n","protected":false},"excerpt":{"rendered":"<p>O empres\u00e1rio e pr\u00e9-candidato a deputado estadual Neles Farias defende a cria\u00e7\u00e3o da Frente Integrada do Terceiro Setor como estrat\u00e9gia para ampliar o acesso a recursos financeiros e fortalecer a atua\u00e7\u00e3o de organiza\u00e7\u00f5es n\u00e3o governamentais em Rondon\u00f3polis e em todo o estado. A ideia busca estruturar um modelo mais eficiente de articula\u00e7\u00e3o entre entidades sociais, [&hellip;]<\/p>\n","protected":false},"author":1,"featured_media":17032,"comment_status":"closed","ping_status":"closed","sticky":false,"template":"","format":"standard","meta":[],"categories":[1],"tags":[],"_links":{"self":[{"href":"https:\/\/ligana104.com.br\/2021\/wp-json\/wp\/v2\/posts\/17031"}],"collection":[{"href":"https:\/\/ligana104.com.br\/2021\/wp-json\/wp\/v2\/posts"}],"about":[{"href":"https:\/\/ligana104.com.br\/2021\/wp-json\/wp\/v2\/types\/post"}],"author":[{"embeddable":true,"href":"https:\/\/ligana104.com.br\/2021\/wp-json\/wp\/v2\/users\/1"}],"replies":[{"embeddable":true,"href":"https:\/\/ligana104.com.br\/2021\/wp-json\/wp\/v2\/comments?post=17031"}],"version-history":[{"count":1,"href":"https:\/\/ligana104.com.br\/2021\/wp-json\/wp\/v2\/posts\/17031\/revisions"}],"predecessor-version":[{"id":17033,"href":"https:\/\/ligana104.com.br\/2021\/wp-json\/wp\/v2\/posts\/17031\/revisions\/17033"}],"wp:featuredmedia":[{"embeddable":true,"href":"https:\/\/ligana104.com.br\/2021\/wp-json\/wp\/v2\/media\/17032"}],"wp:attachment":[{"href":"https:\/\/ligana104.com.br\/2021\/wp-json\/wp\/v2\/media?parent=17031"}],"wp:term":[{"taxonomy":"category","embeddable":true,"href":"https:\/\/ligana104.com.br\/2021\/wp-json\/wp\/v2\/categories?post=17031"},{"taxonomy":"post_tag","embeddable":true,"href":"https:\/\/ligana104.com.br\/2021\/wp-json\/wp\/v2\/tags?post=17031"}],"curies":[{"name":"wp","href":"https:\/\/api.w.org\/{rel}","templated":true}]}}