{"id":17025,"date":"2026-04-27T15:08:05","date_gmt":"2026-04-27T18:08:05","guid":{"rendered":"https:\/\/ligana104.com.br\/2021\/2026\/04\/27\/vulgo-bin-laden-e-assassinato-dentro-de-casa-e-expoe-violencia-extrema-em-mt\/"},"modified":"2026-04-27T15:08:06","modified_gmt":"2026-04-27T18:08:06","slug":"vulgo-bin-laden-e-assassinato-dentro-de-casa-e-expoe-violencia-extrema-em-mt","status":"publish","type":"post","link":"https:\/\/ligana104.com.br\/2021\/2026\/04\/27\/vulgo-bin-laden-e-assassinato-dentro-de-casa-e-expoe-violencia-extrema-em-mt\/","title":{"rendered":"Vulgo \u2018Bin laden\u2019 \u00e9 assassinato dentro de casa e exp\u00f5e viol\u00eancia extrema em MT"},"content":{"rendered":"<p> <br \/>\n<\/p>\n<p>Um homic\u00eddio registrado em uma resid\u00eancia na Rua Clodoaldo Fernandes Pereira, pr\u00f3ximo \u00e0 Escola \u00c9rico Ver\u00edssimo, no bairro Cidade Verde, em Comodoro, deixou um homem morto e mobilizou as for\u00e7as de seguran\u00e7a. O crime ocorreu ap\u00f3s suspeitos invadirem o im\u00f3vel e efetuarem v\u00e1rios disparos contra a v\u00edtima.<\/p>\n<p>De acordo com informa\u00e7\u00f5es preliminares, testemunhas relataram que os criminosos chegaram ao local e agiram de forma r\u00e1pida, abrindo fogo dentro da casa. O Corpo de Bombeiros atendeu a ocorr\u00eancia, por\u00e9m a v\u00edtima j\u00e1 n\u00e3o apresentava sinais vitais no momento da chegada da equipe. A v\u00edtima recebeu identifica\u00e7\u00e3o como Jhonatan C\u00e9sar Passos de Siqueira, conhecido como \u201cBin Laden\u201d, morador do munic\u00edpio.<\/p>\n<p>Equipes de seguran\u00e7a iniciaram dilig\u00eancias para apurar a autoria e a motiva\u00e7\u00e3o do crime. A proximidade com uma unidade escolar aumentou a preocupa\u00e7\u00e3o dos moradores, que cobram mais policiamento e presen\u00e7a do poder p\u00fablico na regi\u00e3o.<\/p>\n<\/p>\n<p><br \/>\n<br \/><a href=\"https:\/\/rgtnews.com.br\/destaque\/vulgo-bin-laden-e-assassinato-dentro-de-casa-e-expoe-violencia-extrema-em-mt\/?utm_source=rss&#038;utm_medium=rss&#038;utm_campaign=vulgo-bin-laden-e-assassinato-dentro-de-casa-e-expoe-violencia-extrema-em-mt\">Fonte da Noticia <\/a><\/p>\n","protected":false},"excerpt":{"rendered":"<p>Um homic\u00eddio registrado em uma resid\u00eancia na Rua Clodoaldo Fernandes Pereira, pr\u00f3ximo \u00e0 Escola \u00c9rico Ver\u00edssimo, no bairro Cidade Verde, em Comodoro, deixou um homem morto e mobilizou as for\u00e7as de seguran\u00e7a. O crime ocorreu ap\u00f3s suspeitos invadirem o im\u00f3vel e efetuarem v\u00e1rios disparos contra a v\u00edtima. De acordo com informa\u00e7\u00f5es preliminares, testemunhas relataram que [&hellip;]<\/p>\n","protected":false},"author":1,"featured_media":17026,"comment_status":"closed","ping_status":"closed","sticky":false,"template":"","format":"standard","meta":[],"categories":[1],"tags":[],"_links":{"self":[{"href":"https:\/\/ligana104.com.br\/2021\/wp-json\/wp\/v2\/posts\/17025"}],"collection":[{"href":"https:\/\/ligana104.com.br\/2021\/wp-json\/wp\/v2\/posts"}],"about":[{"href":"https:\/\/ligana104.com.br\/2021\/wp-json\/wp\/v2\/types\/post"}],"author":[{"embeddable":true,"href":"https:\/\/ligana104.com.br\/2021\/wp-json\/wp\/v2\/users\/1"}],"replies":[{"embeddable":true,"href":"https:\/\/ligana104.com.br\/2021\/wp-json\/wp\/v2\/comments?post=17025"}],"version-history":[{"count":1,"href":"https:\/\/ligana104.com.br\/2021\/wp-json\/wp\/v2\/posts\/17025\/revisions"}],"predecessor-version":[{"id":17027,"href":"https:\/\/ligana104.com.br\/2021\/wp-json\/wp\/v2\/posts\/17025\/revisions\/17027"}],"wp:featuredmedia":[{"embeddable":true,"href":"https:\/\/ligana104.com.br\/2021\/wp-json\/wp\/v2\/media\/17026"}],"wp:attachment":[{"href":"https:\/\/ligana104.com.br\/2021\/wp-json\/wp\/v2\/media?parent=17025"}],"wp:term":[{"taxonomy":"category","embeddable":true,"href":"https:\/\/ligana104.com.br\/2021\/wp-json\/wp\/v2\/categories?post=17025"},{"taxonomy":"post_tag","embeddable":true,"href":"https:\/\/ligana104.com.br\/2021\/wp-json\/wp\/v2\/tags?post=17025"}],"curies":[{"name":"wp","href":"https:\/\/api.w.org\/{rel}","templated":true}]}}