{"id":17022,"date":"2026-04-27T10:49:34","date_gmt":"2026-04-27T13:49:34","guid":{"rendered":"https:\/\/ligana104.com.br\/2021\/2026\/04\/27\/matador-de-faccao-aparece-morto-e-policia-aponta-acerto-de-contas-em-mt\/"},"modified":"2026-04-27T10:49:34","modified_gmt":"2026-04-27T13:49:34","slug":"matador-de-faccao-aparece-morto-e-policia-aponta-acerto-de-contas-em-mt","status":"publish","type":"post","link":"https:\/\/ligana104.com.br\/2021\/2026\/04\/27\/matador-de-faccao-aparece-morto-e-policia-aponta-acerto-de-contas-em-mt\/","title":{"rendered":"Matador de fac\u00e7\u00e3o aparece morto e pol\u00edcia aponta acerto de contas em MT"},"content":{"rendered":"<p> <br \/>\n<\/p>\n<p>A Pol\u00edcia Civil investiga a morte de um adolescente de 17 anos, apontado como integrante de fac\u00e7\u00e3o criminosa, encontrado com sinais de viol\u00eancia nas proximidades do C\u00f3rrego Sangradouro, em C\u00e1ceres.<\/p>\n<p>Conforme as informa\u00e7\u00f5es, o jovem atuava na criminalidade na regi\u00e3o e teria participa\u00e7\u00e3o em diversos homic\u00eddios, incluindo um caso de grande repercuss\u00e3o local. O corpo apresentava marcas compat\u00edveis com agress\u00f5es e poss\u00edvel estrangulamento, indicando execu\u00e7\u00e3o.<\/p>\n<p>A \u00e1rea recebeu isolamento para os trabalhos da per\u00edcia, enquanto o corpo seguiu para o Instituto M\u00e9dico Legal (IML). A principal linha de investiga\u00e7\u00e3o considera poss\u00edvel retalia\u00e7\u00e3o ou acerto de contas.<\/p>\n<p><br \/>\n<br \/><a href=\"https:\/\/rgtnews.com.br\/destaque\/matador-de-faccao-aparece-morto-e-policia-aponta-acerto-de-contas-em-mt\/?utm_source=rss&#038;utm_medium=rss&#038;utm_campaign=matador-de-faccao-aparece-morto-e-policia-aponta-acerto-de-contas-em-mt\">Fonte da Noticia <\/a><\/p>\n","protected":false},"excerpt":{"rendered":"<p>A Pol\u00edcia Civil investiga a morte de um adolescente de 17 anos, apontado como integrante de fac\u00e7\u00e3o criminosa, encontrado com sinais de viol\u00eancia nas proximidades do C\u00f3rrego Sangradouro, em C\u00e1ceres. Conforme as informa\u00e7\u00f5es, o jovem atuava na criminalidade na regi\u00e3o e teria participa\u00e7\u00e3o em diversos homic\u00eddios, incluindo um caso de grande repercuss\u00e3o local. O corpo [&hellip;]<\/p>\n","protected":false},"author":1,"featured_media":17023,"comment_status":"closed","ping_status":"closed","sticky":false,"template":"","format":"standard","meta":[],"categories":[1],"tags":[],"_links":{"self":[{"href":"https:\/\/ligana104.com.br\/2021\/wp-json\/wp\/v2\/posts\/17022"}],"collection":[{"href":"https:\/\/ligana104.com.br\/2021\/wp-json\/wp\/v2\/posts"}],"about":[{"href":"https:\/\/ligana104.com.br\/2021\/wp-json\/wp\/v2\/types\/post"}],"author":[{"embeddable":true,"href":"https:\/\/ligana104.com.br\/2021\/wp-json\/wp\/v2\/users\/1"}],"replies":[{"embeddable":true,"href":"https:\/\/ligana104.com.br\/2021\/wp-json\/wp\/v2\/comments?post=17022"}],"version-history":[{"count":1,"href":"https:\/\/ligana104.com.br\/2021\/wp-json\/wp\/v2\/posts\/17022\/revisions"}],"predecessor-version":[{"id":17024,"href":"https:\/\/ligana104.com.br\/2021\/wp-json\/wp\/v2\/posts\/17022\/revisions\/17024"}],"wp:featuredmedia":[{"embeddable":true,"href":"https:\/\/ligana104.com.br\/2021\/wp-json\/wp\/v2\/media\/17023"}],"wp:attachment":[{"href":"https:\/\/ligana104.com.br\/2021\/wp-json\/wp\/v2\/media?parent=17022"}],"wp:term":[{"taxonomy":"category","embeddable":true,"href":"https:\/\/ligana104.com.br\/2021\/wp-json\/wp\/v2\/categories?post=17022"},{"taxonomy":"post_tag","embeddable":true,"href":"https:\/\/ligana104.com.br\/2021\/wp-json\/wp\/v2\/tags?post=17022"}],"curies":[{"name":"wp","href":"https:\/\/api.w.org\/{rel}","templated":true}]}}