{"id":17007,"date":"2026-04-25T15:45:42","date_gmt":"2026-04-25T18:45:42","guid":{"rendered":"https:\/\/ligana104.com.br\/2021\/2026\/04\/25\/deputado-jose-medeiros-lamenta-morte-de-agenor-soares-pai-de-assessor\/"},"modified":"2026-04-25T15:45:42","modified_gmt":"2026-04-25T18:45:42","slug":"deputado-jose-medeiros-lamenta-morte-de-agenor-soares-pai-de-assessor","status":"publish","type":"post","link":"https:\/\/ligana104.com.br\/2021\/2026\/04\/25\/deputado-jose-medeiros-lamenta-morte-de-agenor-soares-pai-de-assessor\/","title":{"rendered":"Deputado Jos\u00e9 Medeiros lamenta morte de Agenor Soares, pai de assessor"},"content":{"rendered":"<p> <br \/>\n<\/p>\n<div>\n<p>O deputado federal Jos\u00e9 Medeiros lamentou a morte de Agenor Soares, aos 64 anos, pai de seu assessor e amigo Hevandro Soares.<\/p>\n<p>Hevandro sempre destacou com carinho os conselhos que recebeu do pai ao longo da vida, ressaltando a sabedoria, serenidade e a firmeza diante dos desafios. O legado permanece presente na fam\u00edlia e em todos que conviveram com Agenor.<\/p>\n<p>\u201cNeste momento de dor, quero expressar minha solidariedade e ora\u00e7\u00f5es ao Hevandro e a toda sua fam\u00edlia. Que Deus conforte seus cora\u00e7\u00f5es e lhes conceda for\u00e7a para enfrentar essa perda irrepar\u00e1vel\u201d, declarou o deputado.<\/p>\n<p><!-- H&aacute; banners, eles s&atilde;o deficientes ou nenhum qualificado para este local! -->\t\t<\/div>\n<p><br \/>\n<br \/><a href=\"https:\/\/rgtnews.com.br\/noticias\/politica\/deputado-jose-medeiros-lamenta-morte-de-agenor-soares-pai-de-assessor\/?utm_source=rss&#038;utm_medium=rss&#038;utm_campaign=deputado-jose-medeiros-lamenta-morte-de-agenor-soares-pai-de-assessor\">Fonte da Noticia <\/a><\/p>\n","protected":false},"excerpt":{"rendered":"<p>O deputado federal Jos\u00e9 Medeiros lamentou a morte de Agenor Soares, aos 64 anos, pai de seu assessor e amigo Hevandro Soares. Hevandro sempre destacou com carinho os conselhos que recebeu do pai ao longo da vida, ressaltando a sabedoria, serenidade e a firmeza diante dos desafios. O legado permanece presente na fam\u00edlia e em [&hellip;]<\/p>\n","protected":false},"author":1,"featured_media":17008,"comment_status":"closed","ping_status":"closed","sticky":false,"template":"","format":"standard","meta":[],"categories":[1],"tags":[],"_links":{"self":[{"href":"https:\/\/ligana104.com.br\/2021\/wp-json\/wp\/v2\/posts\/17007"}],"collection":[{"href":"https:\/\/ligana104.com.br\/2021\/wp-json\/wp\/v2\/posts"}],"about":[{"href":"https:\/\/ligana104.com.br\/2021\/wp-json\/wp\/v2\/types\/post"}],"author":[{"embeddable":true,"href":"https:\/\/ligana104.com.br\/2021\/wp-json\/wp\/v2\/users\/1"}],"replies":[{"embeddable":true,"href":"https:\/\/ligana104.com.br\/2021\/wp-json\/wp\/v2\/comments?post=17007"}],"version-history":[{"count":1,"href":"https:\/\/ligana104.com.br\/2021\/wp-json\/wp\/v2\/posts\/17007\/revisions"}],"predecessor-version":[{"id":17009,"href":"https:\/\/ligana104.com.br\/2021\/wp-json\/wp\/v2\/posts\/17007\/revisions\/17009"}],"wp:featuredmedia":[{"embeddable":true,"href":"https:\/\/ligana104.com.br\/2021\/wp-json\/wp\/v2\/media\/17008"}],"wp:attachment":[{"href":"https:\/\/ligana104.com.br\/2021\/wp-json\/wp\/v2\/media?parent=17007"}],"wp:term":[{"taxonomy":"category","embeddable":true,"href":"https:\/\/ligana104.com.br\/2021\/wp-json\/wp\/v2\/categories?post=17007"},{"taxonomy":"post_tag","embeddable":true,"href":"https:\/\/ligana104.com.br\/2021\/wp-json\/wp\/v2\/tags?post=17007"}],"curies":[{"name":"wp","href":"https:\/\/api.w.org\/{rel}","templated":true}]}}