{"id":16906,"date":"2026-04-23T09:33:46","date_gmt":"2026-04-23T12:33:46","guid":{"rendered":"https:\/\/ligana104.com.br\/2021\/2026\/04\/23\/flavio-bolsonaro-reafirma-apoio-a-medeiros-para-o-senado-durante-a-norte-show\/"},"modified":"2026-04-23T09:33:49","modified_gmt":"2026-04-23T12:33:49","slug":"flavio-bolsonaro-reafirma-apoio-a-medeiros-para-o-senado-durante-a-norte-show","status":"publish","type":"post","link":"https:\/\/ligana104.com.br\/2021\/2026\/04\/23\/flavio-bolsonaro-reafirma-apoio-a-medeiros-para-o-senado-durante-a-norte-show\/","title":{"rendered":"Fl\u00e1vio Bolsonaro reafirma apoio a Medeiros para o Senado durante a Norte Show"},"content":{"rendered":"<p> <br \/>\n<\/p>\n<div>\n<p><strong><em>Fl\u00e1vio ressaltou a confian\u00e7a de Jair Bolsonaro em Jos\u00e9 Medeiros e destacou a atua\u00e7\u00e3o do parlamentar na C\u00e2mara dos Deputados<\/em><\/strong><\/p>\n<p>Durante participa\u00e7\u00e3o na Norte Show, em Sinop, o senador e pr\u00e9-candidato \u00e0 Presid\u00eancia da Rep\u00fablica, Fl\u00e1vio Bolsonaro, reafirmou a escolha do deputado federal Jos\u00e9 Medeiros como seu candidato ao Senado.<\/p>\n<p>No evento, que re\u00fane lideran\u00e7as do agroneg\u00f3cio e da pol\u00edtica nacional, Fl\u00e1vio destacou a rela\u00e7\u00e3o de confian\u00e7a entre Medeiros e o ex-presidente Jair Bolsonaro, al\u00e9m de ressaltar a atua\u00e7\u00e3o do parlamentar na C\u00e2mara dos Deputados.<\/p>\n<p>\u201cO nosso candidato ao Senado \u00e9 Jos\u00e9 Medeiros. Ele \u00e9 uma pessoa que o presidente Bolsonaro tem um grande apre\u00e7o. Eu o acompanho h\u00e1 bastante tempo na C\u00e2mara dos Deputados, um parlamentar muito atuante, leal, muito querido\u201d, afirmou.<\/p>\n<figure class=\"wp-block-image size-large\"><\/figure>\n<\/p>\n<p>A declara\u00e7\u00e3o refor\u00e7a o alinhamento pol\u00edtico dentro do grupo liderado por Jair Bolsonaro e sinaliza a estrat\u00e9gia de fortalecimento de nomes aliados para a composi\u00e7\u00e3o do Senado Federal nas pr\u00f3ximas elei\u00e7\u00f5es.<\/p>\n<p>J\u00e1 Jos\u00e9 Medeiros agradeceu a presen\u00e7a do presidenci\u00e1vel e disse que ele representa Jair Bolsonaro, que foi preso injustamente. Tamb\u00e9m defendeu a necessidade de seguran\u00e7a jur\u00eddica e maior equil\u00edbrio entre os Poderes.<\/p>\n<p>\u201cFl\u00e1vio Bolsonaro nos trouxe muita seguran\u00e7a. \u00c9 tudo que n\u00f3s queremos: seguran\u00e7a jur\u00eddica e a anistia para todas essas pessoas presas injustamente. H\u00e1 muitos presos daqui pelos fatos de 8 de janeiro. O nosso pr\u00f3ximo presidente da Rep\u00fablica est\u00e1 aqui representando um homem inocente, que neste momento est\u00e1 preso por causa de bandidos que quiseram tomar esta Rep\u00fablica de assalto\u201d, disse.<\/p>\n<p>Medeiros ainda ressaltou a import\u00e2ncia de ampliar a representa\u00e7\u00e3o no Senado Federal como forma de garantir estabilidade institucional no pa\u00eds. Tamb\u00e9m fez cr\u00edticas ao Supremo Tribunal Federal, citando o ministro Alexandre de Moraes.<\/p>\n<p>\u201cFl\u00e1vio est\u00e1 trabalhando junto com o presidente Jair Bolsonaro para que possamos construir maioria no Senado e dar equil\u00edbrio ao Brasil. N\u00e3o \u00e9 poss\u00edvel que uma na\u00e7\u00e3o como esta, que produz tanto e \u00e9 t\u00e3o importante na Am\u00e9rica Latina, seja governada por um homem s\u00f3, um ditador da Rep\u00fablica. Queremos que o Senado tire Alexandre de Moraes de l\u00e1 para que ele seja julgado e preso. No pa\u00eds de Alexandre de Moraes, ele j\u00e1 estaria preso\u201d, finalizou.<br \/>\n<!-- H&aacute; banners, eles s&atilde;o deficientes ou nenhum qualificado para este local! --><\/p>\n<\/p><\/div>\n<p><br \/>\n<br \/><a href=\"https:\/\/rgtnews.com.br\/destaque\/flavio-bolsonaro-reafirma-apoio-a-medeiros-para-o-senado-durante-a-norte-show\/?utm_source=rss&#038;utm_medium=rss&#038;utm_campaign=flavio-bolsonaro-reafirma-apoio-a-medeiros-para-o-senado-durante-a-norte-show\">Fonte da Noticia <\/a><\/p>\n","protected":false},"excerpt":{"rendered":"<p>Fl\u00e1vio ressaltou a confian\u00e7a de Jair Bolsonaro em Jos\u00e9 Medeiros e destacou a atua\u00e7\u00e3o do parlamentar na C\u00e2mara dos Deputados Durante participa\u00e7\u00e3o na Norte Show, em Sinop, o senador e pr\u00e9-candidato \u00e0 Presid\u00eancia da Rep\u00fablica, Fl\u00e1vio Bolsonaro, reafirmou a escolha do deputado federal Jos\u00e9 Medeiros como seu candidato ao Senado. No evento, que re\u00fane lideran\u00e7as [&hellip;]<\/p>\n","protected":false},"author":1,"featured_media":16907,"comment_status":"closed","ping_status":"closed","sticky":false,"template":"","format":"standard","meta":[],"categories":[1],"tags":[],"_links":{"self":[{"href":"https:\/\/ligana104.com.br\/2021\/wp-json\/wp\/v2\/posts\/16906"}],"collection":[{"href":"https:\/\/ligana104.com.br\/2021\/wp-json\/wp\/v2\/posts"}],"about":[{"href":"https:\/\/ligana104.com.br\/2021\/wp-json\/wp\/v2\/types\/post"}],"author":[{"embeddable":true,"href":"https:\/\/ligana104.com.br\/2021\/wp-json\/wp\/v2\/users\/1"}],"replies":[{"embeddable":true,"href":"https:\/\/ligana104.com.br\/2021\/wp-json\/wp\/v2\/comments?post=16906"}],"version-history":[{"count":1,"href":"https:\/\/ligana104.com.br\/2021\/wp-json\/wp\/v2\/posts\/16906\/revisions"}],"predecessor-version":[{"id":16908,"href":"https:\/\/ligana104.com.br\/2021\/wp-json\/wp\/v2\/posts\/16906\/revisions\/16908"}],"wp:featuredmedia":[{"embeddable":true,"href":"https:\/\/ligana104.com.br\/2021\/wp-json\/wp\/v2\/media\/16907"}],"wp:attachment":[{"href":"https:\/\/ligana104.com.br\/2021\/wp-json\/wp\/v2\/media?parent=16906"}],"wp:term":[{"taxonomy":"category","embeddable":true,"href":"https:\/\/ligana104.com.br\/2021\/wp-json\/wp\/v2\/categories?post=16906"},{"taxonomy":"post_tag","embeddable":true,"href":"https:\/\/ligana104.com.br\/2021\/wp-json\/wp\/v2\/tags?post=16906"}],"curies":[{"name":"wp","href":"https:\/\/api.w.org\/{rel}","templated":true}]}}