{"id":16900,"date":"2026-04-22T23:07:09","date_gmt":"2026-04-23T02:07:09","guid":{"rendered":"https:\/\/ligana104.com.br\/2021\/2026\/04\/22\/camara-aprova-projeto-do-vereador-professor-alikson-reis-que-cria-mes-de-combate-a-violencia-nas-escolas\/"},"modified":"2026-04-22T23:07:09","modified_gmt":"2026-04-23T02:07:09","slug":"camara-aprova-projeto-do-vereador-professor-alikson-reis-que-cria-mes-de-combate-a-violencia-nas-escolas","status":"publish","type":"post","link":"https:\/\/ligana104.com.br\/2021\/2026\/04\/22\/camara-aprova-projeto-do-vereador-professor-alikson-reis-que-cria-mes-de-combate-a-violencia-nas-escolas\/","title":{"rendered":"C\u00e2mara aprova projeto do vereador Professor Alikson Reis que cria m\u00eas de combate \u00e0 viol\u00eancia nas escolas"},"content":{"rendered":"<p> <br \/>\n<\/p>\n<div>\n<p><em><strong>Proposta prev\u00ea a\u00e7\u00f5es de conscientiza\u00e7\u00e3o e promo\u00e7\u00e3o da cultura de paz no ambiente escolar<\/strong><\/em><\/p>\n<p>A C\u00e2mara Municipal aprovou, na sess\u00e3o desta quarta-feira (22), o projeto de lei de autoria do vereador Professor Alikson Reis (Podemos) que institui o M\u00eas Municipal de Combate \u00e0 Viol\u00eancia nas Escolas em Rondon\u00f3polis, a ser celebrado anualmente no m\u00eas de abril.<\/p>\n<p>A iniciativa tem como objetivo promover a\u00e7\u00f5es de conscientiza\u00e7\u00e3o, preven\u00e7\u00e3o e enfrentamento \u00e0 viol\u00eancia no ambiente escolar, envolvendo estudantes, profissionais da educa\u00e7\u00e3o, fam\u00edlias e a comunidade em geral. Entre as atividades previstas est\u00e3o campanhas educativas, palestras, rodas de conversa e a\u00e7\u00f5es pedag\u00f3gicas voltadas \u00e0 constru\u00e7\u00e3o de uma cultura de paz.<\/p>\n<p>Segundo o autor, a proposta busca fortalecer o ambiente escolar e garantir mais seguran\u00e7a para todos. \u201cA escola precisa ser um espa\u00e7o de acolhimento, respeito e aprendizado. Esse projeto vem para mobilizar toda a sociedade na preven\u00e7\u00e3o da viol\u00eancia e na constru\u00e7\u00e3o de uma cultura de paz dentro e fora das salas de aula\u201d, afirmou o vereador Professor Alikson Reis.<\/p>\n<p>Com a aprova\u00e7\u00e3o em plen\u00e1rio, o projeto segue agora para san\u00e7\u00e3o do Executivo Municipal.<br \/>\n<!-- H&aacute; banners, eles s&atilde;o deficientes ou nenhum qualificado para este local! --><\/p>\n<\/p><\/div>\n<p><br \/>\n<br \/><a href=\"https:\/\/rgtnews.com.br\/noticias\/politica\/camara-aprova-projeto-do-vereador-professor-alikson-reis-que-cria-mes-de-combate-a-violencia-nas-escolas\/?utm_source=rss&#038;utm_medium=rss&#038;utm_campaign=camara-aprova-projeto-do-vereador-professor-alikson-reis-que-cria-mes-de-combate-a-violencia-nas-escolas\">Fonte da Noticia <\/a><\/p>\n","protected":false},"excerpt":{"rendered":"<p>Proposta prev\u00ea a\u00e7\u00f5es de conscientiza\u00e7\u00e3o e promo\u00e7\u00e3o da cultura de paz no ambiente escolar A C\u00e2mara Municipal aprovou, na sess\u00e3o desta quarta-feira (22), o projeto de lei de autoria do vereador Professor Alikson Reis (Podemos) que institui o M\u00eas Municipal de Combate \u00e0 Viol\u00eancia nas Escolas em Rondon\u00f3polis, a ser celebrado anualmente no m\u00eas de [&hellip;]<\/p>\n","protected":false},"author":1,"featured_media":16901,"comment_status":"closed","ping_status":"closed","sticky":false,"template":"","format":"standard","meta":[],"categories":[1],"tags":[],"_links":{"self":[{"href":"https:\/\/ligana104.com.br\/2021\/wp-json\/wp\/v2\/posts\/16900"}],"collection":[{"href":"https:\/\/ligana104.com.br\/2021\/wp-json\/wp\/v2\/posts"}],"about":[{"href":"https:\/\/ligana104.com.br\/2021\/wp-json\/wp\/v2\/types\/post"}],"author":[{"embeddable":true,"href":"https:\/\/ligana104.com.br\/2021\/wp-json\/wp\/v2\/users\/1"}],"replies":[{"embeddable":true,"href":"https:\/\/ligana104.com.br\/2021\/wp-json\/wp\/v2\/comments?post=16900"}],"version-history":[{"count":1,"href":"https:\/\/ligana104.com.br\/2021\/wp-json\/wp\/v2\/posts\/16900\/revisions"}],"predecessor-version":[{"id":16902,"href":"https:\/\/ligana104.com.br\/2021\/wp-json\/wp\/v2\/posts\/16900\/revisions\/16902"}],"wp:featuredmedia":[{"embeddable":true,"href":"https:\/\/ligana104.com.br\/2021\/wp-json\/wp\/v2\/media\/16901"}],"wp:attachment":[{"href":"https:\/\/ligana104.com.br\/2021\/wp-json\/wp\/v2\/media?parent=16900"}],"wp:term":[{"taxonomy":"category","embeddable":true,"href":"https:\/\/ligana104.com.br\/2021\/wp-json\/wp\/v2\/categories?post=16900"},{"taxonomy":"post_tag","embeddable":true,"href":"https:\/\/ligana104.com.br\/2021\/wp-json\/wp\/v2\/tags?post=16900"}],"curies":[{"name":"wp","href":"https:\/\/api.w.org\/{rel}","templated":true}]}}